{"id":5536,"date":"2025-03-20T14:08:00","date_gmt":"2025-03-20T20:08:00","guid":{"rendered":"https:\/\/veracruzanosexcepcionahles.com\/?p=5536"},"modified":"2025-03-20T14:08:01","modified_gmt":"2025-03-20T20:08:01","slug":"turismo-y-cultura-claves-en-la-transformacion-de-veracruz-rocio-nahle","status":"publish","type":"post","link":"https:\/\/veracruzanosexcepcionahles.com\/index.php\/2025\/03\/20\/turismo-y-cultura-claves-en-la-transformacion-de-veracruz-rocio-nahle\/","title":{"rendered":"Turismo y cultura, claves en la transformaci\u00f3n de Veracruz: Roc\u00edo Nahle"},"content":{"rendered":"\n<p>Veracruz reforzar\u00e1 su presencia en ferias internacionales y el Tianguis Tur\u00edstico.<br>Impulsa la candidatura de Veracruz como sede de la pr\u00f3xima edici\u00f3n.<br>Garantiza la conservaci\u00f3n de Los Tuxtlas con un desarrollo ordenado y sustentable.<\/p>\n\n\n\n<p>Boca del R\u00edo, Ver., jueves 20 de marzo de 2025.- Durante la Reuni\u00f3n con la Secretar\u00eda de Turismo Federal, el Gobierno del Estado y prestadores de servicios, la titular del Ejecutivo, Roc\u00edo Nahle Garc\u00eda subray\u00f3 que el turismo y cultura son ejes fundamentales para el desarrollo econ\u00f3mico de Veracruz, destacando la realizaci\u00f3n de eventos de gran impacto que han posicionado al estado en la agenda tur\u00edstica nacional e internacional.<\/p>\n\n\n\n<p>Ejemplo de ello es el desarrollo de Cumbre Taj\u00edn 2025, que en su primer d\u00eda registr\u00f3 una afluencia de m\u00e1s de 20 mil personas y ocupaci\u00f3n hotelera al 100 por ciento en la regi\u00f3n de Tuxpan, Poza Rica y Papantla.<\/p>\n\n\n\n<p>&#8220;Desde que iniciamos esta administraci\u00f3n, nos propusimos que cada mes habr\u00eda un evento de relevancia para atraer visitantes. Turismo y cultura van de la mano y son la clave para generar empleo y movilidad econ\u00f3mica en nuestras comunidades&#8221;, expres\u00f3 Roc\u00edo Nahle.<\/p>\n\n\n\n<p>Asimismo, anunci\u00f3 que Veracruz buscar\u00e1 ser la sede del Tianguis Tur\u00edstico de M\u00e9xico, el evento m\u00e1s importante de la industria en el pa\u00eds, con el respaldo del Gobierno Federal y confirm\u00f3 la asistencia a la edici\u00f3n en Baja California, del 28 de abril al 1 de mayo en abril, donde el estado continuar\u00e1 fortaleciendo su presencia en mercados internacionales.<br>La Gobernadora destac\u00f3 trabaja en la modernizaci\u00f3n de la carretera Isla\u2013Santiago Tuxtla, con el fin de mejorar la conectividad y facilitar el acceso a Los Tuxtla, regi\u00f3n rica en biodiversidad y tradiciones y subray\u00f3 su compromiso con la protecci\u00f3n del entorno natural, asegurando un desarrollo ordenado que preserve su riqueza ecol\u00f3gica y cultural.<\/p>\n\n\n\n<p>En ese sentido, la secretaria de Turismo de M\u00e9xico, Josefina Rodr\u00edguez Zamora anunci\u00f3 la creaci\u00f3n de un Pol\u00edgono de Turismo Comunitario en la regi\u00f3n de Los Tuxtlas, una iniciativa del Gobierno de M\u00e9xico que concentrar\u00e1 esfuerzos en infraestructura, conectividad y capacitaci\u00f3n para detonar el desarrollo de 15 municipios con vocaci\u00f3n ecotur\u00edstica.<\/p>\n\n\n\n<p>Resalt\u00f3 que M\u00e9xico vive un crecimiento hist\u00f3rico en turismo, alcanzando en enero un r\u00e9cord de 3.9 millones de visitantes y un incremento del 100% en la llegada de turistas extranjeros a la entidad en comparaci\u00f3n con hace 19 a\u00f1os.<\/p>\n\n\n\n<p>\u201cM\u00e9xico est\u00e1 de moda y Veracruz es protagonista de este auge. Con su riqueza natural y cultural, es un referente tur\u00edstico que seguiremos impulsando\u201d.<\/p>\n\n\n\n<p>Adem\u00e1s, destac\u00f3 que el estado formar\u00e1 parte de 14 ferias tur\u00edsticas internacionales, incluyendo el Tianguis Tur\u00edstico binacional en San Diego, donde la cultura, gastronom\u00eda y artesan\u00eda tendr\u00e1n una plataforma de promoci\u00f3n global.<\/p>\n\n\n\n<p>Finalmente, inform\u00f3 sobre el lanzamiento del Buen Fin del Turismo, una estrategia nacional que, del 30 de mayo al 01 de junio, ofrecer\u00e1 promociones exclusivas en hoteles, restaurantes y experiencias tur\u00edsticas en todo el pa\u00eds.<\/p>\n\n\n\n<p>Acompa\u00f1aron esta reuni\u00f3n los titulares de la secretar\u00edas de Turismo, Dulce Mar\u00eda de la Reguera G\u00f3mez; de Desarrollo Econ\u00f3mico y Portuario, Ernesto P\u00e9rez Astorga; el subsecretario de Promoci\u00f3n y Atenci\u00f3n Tur\u00edstica, Jorge Flores Lara.<\/p>\n\n\n\n<p>&#8212;000&#8212;<\/p>\n","protected":false},"excerpt":{"rendered":"<p>Veracruz reforzar\u00e1 su presencia en ferias internacionales y el Tianguis Tur\u00edstico.Impulsa la candidatura de Veracruz como sede de la pr\u00f3xima edici\u00f3n.Garantiza la conservaci\u00f3n de Los Tuxtlas con un desarrollo ordenado y sustentable. Boca del R\u00edo, Ver., jueves 20 de marzo de 2025.- Durante la Reuni\u00f3n con la Secretar\u00eda de Turismo Federal, el Gobierno del Estado&#8230;<\/p>\n","protected":false},"author":2,"featured_media":5537,"comment_status":"closed","ping_status":"closed","sticky":false,"template":"","format":"standard","meta":{"_jetpack_memberships_contains_paid_content":false,"footnotes":"","jetpack_publicize_message":"","jetpack_publicize_feature_enabled":true,"jetpack_social_post_already_shared":true,"jetpack_social_options":{"image_generator_settings":{"template":"highway","default_image_id":0,"font":"","enabled":false},"version":2}},"categories":[23],"tags":[],"class_list":["post-5536","post","type-post","status-publish","format-standard","has-post-thumbnail","hentry","category-actividadesnahle"],"jetpack_publicize_connections":[],"jetpack_featured_media_url":"https:\/\/veracruzanosexcepcionahles.com\/wp-content\/uploads\/2025\/03\/WhatsApp-Image-2025-03-20-at-1.34.20-PM-scaled.jpeg","jetpack_sharing_enabled":true,"jetpack_likes_enabled":true,"jetpack_shortlink":"https:\/\/wp.me\/pe8dhK-1ri","_links":{"self":[{"href":"https:\/\/veracruzanosexcepcionahles.com\/index.php\/wp-json\/wp\/v2\/posts\/5536","targetHints":{"allow":["GET"]}}],"collection":[{"href":"https:\/\/veracruzanosexcepcionahles.com\/index.php\/wp-json\/wp\/v2\/posts"}],"about":[{"href":"https:\/\/veracruzanosexcepcionahles.com\/index.php\/wp-json\/wp\/v2\/types\/post"}],"author":[{"embeddable":true,"href":"https:\/\/veracruzanosexcepcionahles.com\/index.php\/wp-json\/wp\/v2\/users\/2"}],"replies":[{"embeddable":true,"href":"https:\/\/veracruzanosexcepcionahles.com\/index.php\/wp-json\/wp\/v2\/comments?post=5536"}],"version-history":[{"count":1,"href":"https:\/\/veracruzanosexcepcionahles.com\/index.php\/wp-json\/wp\/v2\/posts\/5536\/revisions"}],"predecessor-version":[{"id":5538,"href":"https:\/\/veracruzanosexcepcionahles.com\/index.php\/wp-json\/wp\/v2\/posts\/5536\/revisions\/5538"}],"wp:featuredmedia":[{"embeddable":true,"href":"https:\/\/veracruzanosexcepcionahles.com\/index.php\/wp-json\/wp\/v2\/media\/5537"}],"wp:attachment":[{"href":"https:\/\/veracruzanosexcepcionahles.com\/index.php\/wp-json\/wp\/v2\/media?parent=5536"}],"wp:term":[{"taxonomy":"category","embeddable":true,"href":"https:\/\/veracruzanosexcepcionahles.com\/index.php\/wp-json\/wp\/v2\/categories?post=5536"},{"taxonomy":"post_tag","embeddable":true,"href":"https:\/\/veracruzanosexcepcionahles.com\/index.php\/wp-json\/wp\/v2\/tags?post=5536"}],"curies":[{"name":"wp","href":"https:\/\/api.w.org\/{rel}","templated":true}]}}