{"id":5533,"date":"2025-03-20T14:02:48","date_gmt":"2025-03-20T20:02:48","guid":{"rendered":"https:\/\/veracruzanosexcepcionahles.com\/?p=5533"},"modified":"2025-03-20T14:02:49","modified_gmt":"2025-03-20T20:02:49","slug":"veracruz-tendra-promocion-en-14-paises-y-gira-en-ee-uu-y-canada","status":"publish","type":"post","link":"https:\/\/veracruzanosexcepcionahles.com\/index.php\/2025\/03\/20\/veracruz-tendra-promocion-en-14-paises-y-gira-en-ee-uu-y-canada\/","title":{"rendered":"Veracruz tendr\u00e1 promoci\u00f3n en 14 pa\u00edses y gira en EE.UU. y Canad\u00e1"},"content":{"rendered":"\n<p>Jap\u00f3n, Arabia Saudita y Alemania figuran entre los mercados estrat\u00e9gicos.<br>Los Tuxtlas, mantendr\u00e1 un turismo con enfoque social y ambiental.<\/p>\n\n\n\n<p>Boca del R\u00edo, Ver., jueves 20 de marzo de 2025.- En visita a Veracruz, para la reuni\u00f3n con prestadores de servicios tur\u00edsticos y la gobernadora Roc\u00edo Nahle Garc\u00eda, la secretaria de Turismo federal, Josefina Rodr\u00edguez Zamora, destac\u00f3 a Veracruz como un destino clave en la promoci\u00f3n tur\u00edstica nacional, con presencia en mercados internacionales y el desarrollo de un pol\u00edgono de turismo comunitario en Los Tuxtlas.<\/p>\n\n\n\n<p>En entrevista con medios de comunicaci\u00f3n, previa a la reuni\u00f3n con la Secretar\u00eda de Turismo Federal, el Gobierno del Estado y prestadores de servicios, se\u00f1al\u00f3, \u201cVeracruz est\u00e1 sumado a estas 14 esferas internacionales y a siete roadshows en Estados Unidos y Canad\u00e1\u201d, destacando el impacto positivo que estas acciones tendr\u00e1n en la atracci\u00f3n de visitantes extranjeros.<\/p>\n\n\n\n<p>Destac\u00f3 la participaci\u00f3n del estado en eventos como la Feria Internacional de Turismo, donde el inter\u00e9s de turistas chinos, estadounidenses y canadienses fue notable.<\/p>\n\n\n\n<p>En el \u00e1mbito del turismo comunitario, la secretaria resalt\u00f3 la intervenci\u00f3n en 13 municipios de Los Tuxtlas como parte del pol\u00edgono nacional de desarrollo tur\u00edstico sustentable.<\/p>\n\n\n\n<p>\u201cNos queremos concentrar en comunidades con un ancla tur\u00edstica cercana, que queremos detonar y donde podemos generar prosperidad compartida\u201d, explic\u00f3.<\/p>\n\n\n\n<p>Asimismo, la titular de Turismo inform\u00f3 que Veracruz seguir\u00e1 figurando en la agenda de promoci\u00f3n nacional e internacional, con su pr\u00f3xima presencia en la muestra tur\u00edstica de San Diego el 26 de abril y su destacada participaci\u00f3n en el Tianguis Tur\u00edstico.<\/p>\n\n\n\n<p>\u201cVeracruz est\u00e1 de moda y M\u00e9xico est\u00e1 de moda\u201d, enfatiz\u00f3.<\/p>\n\n\n\n<p>&#8212;000&#8212;<\/p>\n","protected":false},"excerpt":{"rendered":"<p>Jap\u00f3n, Arabia Saudita y Alemania figuran entre los mercados estrat\u00e9gicos.Los Tuxtlas, mantendr\u00e1 un turismo con enfoque social y ambiental. Boca del R\u00edo, Ver., jueves 20 de marzo de 2025.- En visita a Veracruz, para la reuni\u00f3n con prestadores de servicios tur\u00edsticos y la gobernadora Roc\u00edo Nahle Garc\u00eda, la secretaria de Turismo federal, Josefina Rodr\u00edguez Zamora,&#8230;<\/p>\n","protected":false},"author":2,"featured_media":5534,"comment_status":"closed","ping_status":"closed","sticky":false,"template":"","format":"standard","meta":{"_jetpack_memberships_contains_paid_content":false,"footnotes":"","jetpack_publicize_message":"","jetpack_publicize_feature_enabled":true,"jetpack_social_post_already_shared":true,"jetpack_social_options":{"image_generator_settings":{"template":"highway","default_image_id":0,"font":"","enabled":false},"version":2}},"categories":[23],"tags":[],"class_list":["post-5533","post","type-post","status-publish","format-standard","has-post-thumbnail","hentry","category-actividadesnahle"],"jetpack_publicize_connections":[],"jetpack_featured_media_url":"https:\/\/veracruzanosexcepcionahles.com\/wp-content\/uploads\/2025\/03\/WhatsApp-Image-2025-03-20-at-1.30.09-PM-scaled.jpeg","jetpack_sharing_enabled":true,"jetpack_likes_enabled":true,"jetpack_shortlink":"https:\/\/wp.me\/pe8dhK-1rf","_links":{"self":[{"href":"https:\/\/veracruzanosexcepcionahles.com\/index.php\/wp-json\/wp\/v2\/posts\/5533","targetHints":{"allow":["GET"]}}],"collection":[{"href":"https:\/\/veracruzanosexcepcionahles.com\/index.php\/wp-json\/wp\/v2\/posts"}],"about":[{"href":"https:\/\/veracruzanosexcepcionahles.com\/index.php\/wp-json\/wp\/v2\/types\/post"}],"author":[{"embeddable":true,"href":"https:\/\/veracruzanosexcepcionahles.com\/index.php\/wp-json\/wp\/v2\/users\/2"}],"replies":[{"embeddable":true,"href":"https:\/\/veracruzanosexcepcionahles.com\/index.php\/wp-json\/wp\/v2\/comments?post=5533"}],"version-history":[{"count":1,"href":"https:\/\/veracruzanosexcepcionahles.com\/index.php\/wp-json\/wp\/v2\/posts\/5533\/revisions"}],"predecessor-version":[{"id":5535,"href":"https:\/\/veracruzanosexcepcionahles.com\/index.php\/wp-json\/wp\/v2\/posts\/5533\/revisions\/5535"}],"wp:featuredmedia":[{"embeddable":true,"href":"https:\/\/veracruzanosexcepcionahles.com\/index.php\/wp-json\/wp\/v2\/media\/5534"}],"wp:attachment":[{"href":"https:\/\/veracruzanosexcepcionahles.com\/index.php\/wp-json\/wp\/v2\/media?parent=5533"}],"wp:term":[{"taxonomy":"category","embeddable":true,"href":"https:\/\/veracruzanosexcepcionahles.com\/index.php\/wp-json\/wp\/v2\/categories?post=5533"},{"taxonomy":"post_tag","embeddable":true,"href":"https:\/\/veracruzanosexcepcionahles.com\/index.php\/wp-json\/wp\/v2\/tags?post=5533"}],"curies":[{"name":"wp","href":"https:\/\/api.w.org\/{rel}","templated":true}]}}