{"id":5520,"date":"2025-03-20T13:51:37","date_gmt":"2025-03-20T19:51:37","guid":{"rendered":"https:\/\/veracruzanosexcepcionahles.com\/?p=5520"},"modified":"2025-03-20T13:51:39","modified_gmt":"2025-03-20T19:51:39","slug":"rocio-nahle-recorre-el-corazon-de-cumbre-tajin","status":"publish","type":"post","link":"https:\/\/veracruzanosexcepcionahles.com\/index.php\/2025\/03\/20\/rocio-nahle-recorre-el-corazon-de-cumbre-tajin\/","title":{"rendered":"Roc\u00edo Nahle recorre el coraz\u00f3n de Cumbre Taj\u00edn"},"content":{"rendered":"\n<p>Acompa\u00f1ada de artesanas, artesanos y asistentes, vivi\u00f3 de cerca la riqueza cultural del Totonacapan.<\/p>\n\n\n\n<p>Papantla, Ver., mi\u00e9rcoles 19 de marzo de 2025.- Entre el aroma del copal, los sabores ancestrales y la m\u00fasica tradicional, la gobernadora Roc\u00edo Nahle Garc\u00eda disfrut\u00f3 del primer d\u00eda de Cumbre Taj\u00edn recorriendo el Parque Tem\u00e1tico Takilhsukut.<\/p>\n\n\n\n<p>Luego de la ceremonia inaugural, la titular del Ejecutivo se dej\u00f3 envolver por los acordes de la m\u00fasica tradicional en el Nicho Cultural, donde escuch\u00f3 los ensambles Huasteco Comunitario C\u00e1ntaros de Sol, de Zozocolco; Tradicional Kuit\u00f3l T\u00e9nek, de Amatl\u00e1n, y Balc\u00f3n Huasteco &#8211; Academia de M\u00fasica, de Chicontepec.<\/p>\n\n\n\n<p>M\u00e1s tarde, en el mismo escenario, la Orquesta Municipal de Xalapa, junto con los cantantes Armando Mora y Messe Merari, interpret\u00f3 piezas de Armando Manzanero y Juan Gabriel, generando un emotivo momento entre los asistentes.<\/p>\n\n\n\n<p>Pero la m\u00fasica fue solo una parte de la experiencia, en el Nicho de los Aromas y Sabores, convers\u00f3 con las cocineras tradicionales y degust\u00f3 el pozol y otros manjares preparados con recetas heredadas por generaciones.<\/p>\n\n\n\n<p>Tambi\u00e9n, se acerc\u00f3 a los stands de artesanos, admirando el meticuloso trabajo en textiles, bordados y piezas que reflejan la cosmovisi\u00f3n del pueblo totonaca.<\/p>\n\n\n\n<p>El recorrido de la Gobernadora fue una celebraci\u00f3n del arte, la gastronom\u00eda y la identidad cultural, reafirmando el valor de Cumbre Taj\u00edn como un espacio donde el pasado y el presente se entrelazan para fortalecer el orgullo veracruzano.<\/p>\n\n\n\n<p>&#8212;000&#8212;<\/p>\n","protected":false},"excerpt":{"rendered":"<p>Acompa\u00f1ada de artesanas, artesanos y asistentes, vivi\u00f3 de cerca la riqueza cultural del Totonacapan. Papantla, Ver., mi\u00e9rcoles 19 de marzo de 2025.- Entre el aroma del copal, los sabores ancestrales y la m\u00fasica tradicional, la gobernadora Roc\u00edo Nahle Garc\u00eda disfrut\u00f3 del primer d\u00eda de Cumbre Taj\u00edn recorriendo el Parque Tem\u00e1tico Takilhsukut. Luego de la ceremonia&#8230;<\/p>\n","protected":false},"author":2,"featured_media":5521,"comment_status":"closed","ping_status":"closed","sticky":false,"template":"","format":"standard","meta":{"_jetpack_memberships_contains_paid_content":false,"footnotes":"","jetpack_publicize_message":"","jetpack_publicize_feature_enabled":true,"jetpack_social_post_already_shared":true,"jetpack_social_options":{"image_generator_settings":{"template":"highway","default_image_id":0,"font":"","enabled":false},"version":2}},"categories":[23],"tags":[],"class_list":["post-5520","post","type-post","status-publish","format-standard","has-post-thumbnail","hentry","category-actividadesnahle"],"jetpack_publicize_connections":[],"jetpack_featured_media_url":"https:\/\/veracruzanosexcepcionahles.com\/wp-content\/uploads\/2025\/03\/WhatsApp-Image-2025-03-19-at-8.32.41-PM-scaled.jpeg","jetpack_sharing_enabled":true,"jetpack_likes_enabled":true,"jetpack_shortlink":"https:\/\/wp.me\/pe8dhK-1r2","_links":{"self":[{"href":"https:\/\/veracruzanosexcepcionahles.com\/index.php\/wp-json\/wp\/v2\/posts\/5520","targetHints":{"allow":["GET"]}}],"collection":[{"href":"https:\/\/veracruzanosexcepcionahles.com\/index.php\/wp-json\/wp\/v2\/posts"}],"about":[{"href":"https:\/\/veracruzanosexcepcionahles.com\/index.php\/wp-json\/wp\/v2\/types\/post"}],"author":[{"embeddable":true,"href":"https:\/\/veracruzanosexcepcionahles.com\/index.php\/wp-json\/wp\/v2\/users\/2"}],"replies":[{"embeddable":true,"href":"https:\/\/veracruzanosexcepcionahles.com\/index.php\/wp-json\/wp\/v2\/comments?post=5520"}],"version-history":[{"count":1,"href":"https:\/\/veracruzanosexcepcionahles.com\/index.php\/wp-json\/wp\/v2\/posts\/5520\/revisions"}],"predecessor-version":[{"id":5522,"href":"https:\/\/veracruzanosexcepcionahles.com\/index.php\/wp-json\/wp\/v2\/posts\/5520\/revisions\/5522"}],"wp:featuredmedia":[{"embeddable":true,"href":"https:\/\/veracruzanosexcepcionahles.com\/index.php\/wp-json\/wp\/v2\/media\/5521"}],"wp:attachment":[{"href":"https:\/\/veracruzanosexcepcionahles.com\/index.php\/wp-json\/wp\/v2\/media?parent=5520"}],"wp:term":[{"taxonomy":"category","embeddable":true,"href":"https:\/\/veracruzanosexcepcionahles.com\/index.php\/wp-json\/wp\/v2\/categories?post=5520"},{"taxonomy":"post_tag","embeddable":true,"href":"https:\/\/veracruzanosexcepcionahles.com\/index.php\/wp-json\/wp\/v2\/tags?post=5520"}],"curies":[{"name":"wp","href":"https:\/\/api.w.org\/{rel}","templated":true}]}}