{"id":5517,"date":"2025-03-20T13:48:15","date_gmt":"2025-03-20T19:48:15","guid":{"rendered":"https:\/\/veracruzanosexcepcionahles.com\/?p=5517"},"modified":"2025-03-20T13:48:17","modified_gmt":"2025-03-20T19:48:17","slug":"gobernadora-porta-con-orgullo-vestimenta-tradicional-del-totonacapan-en-cumbre-tajin","status":"publish","type":"post","link":"https:\/\/veracruzanosexcepcionahles.com\/index.php\/2025\/03\/20\/gobernadora-porta-con-orgullo-vestimenta-tradicional-del-totonacapan-en-cumbre-tajin\/","title":{"rendered":"Gobernadora porta con orgullo vestimenta tradicional del Totonacapan, en Cumbre Taj\u00edn"},"content":{"rendered":"\n<p>La gratuidad del evento busca que nuestras tradiciones tengan un mayor alcance.<\/p>\n\n\n\n<p>Papantla, Ver., mi\u00e9rcoles 19 de marzo de 2025.- Luego de inaugurar el festival Cumbre Taj\u00edn, la gobernadora de Veracruz Roc\u00edo Nahle Garc\u00eda expres\u00f3 sentirse honrada y orgullosa de portar la vestimenta tradicional de las mujeres del Totonacapan.<\/p>\n\n\n\n<p>\u201cEs un orgullo y un privilegio; me siento muy honrada. Esta vestimenta es parte de nuestra cultura, de nuestro pueblo y de nuestras ra\u00edces\u201d, manifest\u00f3 durante una entrevista con medios de comunicaci\u00f3n.<\/p>\n\n\n\n<p>La vestimenta tradicional consiste en camisa bordada con flores en punto de cruz y punto pasado, enredo, faja y quexqu\u00e9mitl; la blusa est\u00e1 cubierta en la parte delantera por un pa\u00f1o cuadrado de artisela, que llaman fular.<\/p>\n\n\n\n<p>Durante el evento, la Mandataria encabez\u00f3 la ceremonia y el ritual de inicio del Festival de la Identidad, destacando que se trata de un evento cien por ciento cultural, cuyo prop\u00f3sito es mostrar a M\u00e9xico y al mundo el valor de nuestras tradiciones, de las cuales los pueblos originarios son guardianes.<\/p>\n\n\n\n<p>Con este objetivo, se decidi\u00f3 abrir las puertas del Parque Tem\u00e1tico Takilhsukut sin costo alguno para los visitantes, por lo que todas las actividades ser\u00e1n gratuitas. En este sentido, la Gobernadora adelant\u00f3 que se est\u00e1 analizando la posibilidad de mantener la gratuidad de la Cumbre Taj\u00edn durante toda su administraci\u00f3n.<\/p>\n\n\n\n<p>Calific\u00f3 como exitoso el inicio de las actividades de Cumbre Taj\u00edn e hizo una extensiva invitaci\u00f3n para visitar este centro ceremonial, donde se lleva a cabo un gran intercambio cultural.<\/p>\n\n\n\n<p>&#8212;000&#8212;<\/p>\n","protected":false},"excerpt":{"rendered":"<p>La gratuidad del evento busca que nuestras tradiciones tengan un mayor alcance. Papantla, Ver., mi\u00e9rcoles 19 de marzo de 2025.- Luego de inaugurar el festival Cumbre Taj\u00edn, la gobernadora de Veracruz Roc\u00edo Nahle Garc\u00eda expres\u00f3 sentirse honrada y orgullosa de portar la vestimenta tradicional de las mujeres del Totonacapan. \u201cEs un orgullo y un privilegio;&#8230;<\/p>\n","protected":false},"author":2,"featured_media":5518,"comment_status":"closed","ping_status":"closed","sticky":false,"template":"","format":"standard","meta":{"_jetpack_memberships_contains_paid_content":false,"footnotes":"","jetpack_publicize_message":"","jetpack_publicize_feature_enabled":true,"jetpack_social_post_already_shared":true,"jetpack_social_options":{"image_generator_settings":{"template":"highway","default_image_id":0,"font":"","enabled":false},"version":2}},"categories":[23],"tags":[],"class_list":["post-5517","post","type-post","status-publish","format-standard","has-post-thumbnail","hentry","category-actividadesnahle"],"jetpack_publicize_connections":[],"jetpack_featured_media_url":"https:\/\/veracruzanosexcepcionahles.com\/wp-content\/uploads\/2025\/03\/WhatsApp-Image-2025-03-19-at-7.00.21-PM-scaled.jpeg","jetpack_sharing_enabled":true,"jetpack_likes_enabled":true,"jetpack_shortlink":"https:\/\/wp.me\/pe8dhK-1qZ","_links":{"self":[{"href":"https:\/\/veracruzanosexcepcionahles.com\/index.php\/wp-json\/wp\/v2\/posts\/5517","targetHints":{"allow":["GET"]}}],"collection":[{"href":"https:\/\/veracruzanosexcepcionahles.com\/index.php\/wp-json\/wp\/v2\/posts"}],"about":[{"href":"https:\/\/veracruzanosexcepcionahles.com\/index.php\/wp-json\/wp\/v2\/types\/post"}],"author":[{"embeddable":true,"href":"https:\/\/veracruzanosexcepcionahles.com\/index.php\/wp-json\/wp\/v2\/users\/2"}],"replies":[{"embeddable":true,"href":"https:\/\/veracruzanosexcepcionahles.com\/index.php\/wp-json\/wp\/v2\/comments?post=5517"}],"version-history":[{"count":1,"href":"https:\/\/veracruzanosexcepcionahles.com\/index.php\/wp-json\/wp\/v2\/posts\/5517\/revisions"}],"predecessor-version":[{"id":5519,"href":"https:\/\/veracruzanosexcepcionahles.com\/index.php\/wp-json\/wp\/v2\/posts\/5517\/revisions\/5519"}],"wp:featuredmedia":[{"embeddable":true,"href":"https:\/\/veracruzanosexcepcionahles.com\/index.php\/wp-json\/wp\/v2\/media\/5518"}],"wp:attachment":[{"href":"https:\/\/veracruzanosexcepcionahles.com\/index.php\/wp-json\/wp\/v2\/media?parent=5517"}],"wp:term":[{"taxonomy":"category","embeddable":true,"href":"https:\/\/veracruzanosexcepcionahles.com\/index.php\/wp-json\/wp\/v2\/categories?post=5517"},{"taxonomy":"post_tag","embeddable":true,"href":"https:\/\/veracruzanosexcepcionahles.com\/index.php\/wp-json\/wp\/v2\/tags?post=5517"}],"curies":[{"name":"wp","href":"https:\/\/api.w.org\/{rel}","templated":true}]}}