{"id":5514,"date":"2025-03-20T13:45:11","date_gmt":"2025-03-20T19:45:11","guid":{"rendered":"https:\/\/veracruzanosexcepcionahles.com\/?p=5514"},"modified":"2025-03-20T13:45:12","modified_gmt":"2025-03-20T19:45:12","slug":"con-respaldo-a-la-cultura-totonaca-rocio-nahle-inaugura-cumbre-tajin","status":"publish","type":"post","link":"https:\/\/veracruzanosexcepcionahles.com\/index.php\/2025\/03\/20\/con-respaldo-a-la-cultura-totonaca-rocio-nahle-inaugura-cumbre-tajin\/","title":{"rendered":"Con respaldo a la cultura totonaca, Roc\u00edo Nahle inaugura Cumbre Taj\u00edn"},"content":{"rendered":"\n<p>Recibi\u00f3 el Bast\u00f3n de Mando del Consejo de Ancianos.<br>Atender a los pueblos originarios y a los m\u00e1s necesitados, prioridad de gobierno.<br>El Tata Gerardo llama a fortalecer la cultura y preservar la lengua materna.<\/p>\n\n\n\n<p>Papantla, Ver., mi\u00e9rcoles 19 de marzo de 2025.- En un acto de profundo respeto a la tradici\u00f3n y al legado del pueblo totonaco, la gobernadora Roc\u00edo Nahle Garc\u00eda fue recibida en el Kantiyan, Casa de los Abuelos, por el Consejo de Ancianos Totonacas, donde particip\u00f3 en la ceremonia de sahumada y recibi\u00f3 el Bast\u00f3n de Mando, s\u00edmbolo de confianza y reconocimiento de las comunidades originarias.<\/p>\n\n\n\n<p>Posteriormente, encabez\u00f3 la ceremonia inaugural de Cumbre Taj\u00edn, Tachan\u00e1n, la siembra para el mundo, en la Plaza del Volador, donde presenci\u00f3 el primer ascenso de los danzantes del Ritual de los Voladores, dando inicio a cuatro d\u00edas de intercambio cultural y celebraci\u00f3n en el Parque Tem\u00e1tico Takilhsukut.<\/p>\n\n\n\n<p>Al dirigirse al p\u00fablico, destac\u00f3 la importancia del Festival de la Identidad como un espacio abierto para fortalecer el orgullo y la identidad de los pueblos originarios, subrayando que su administraci\u00f3n impulsa la cultura con la misma determinaci\u00f3n que los programas sociales.<\/p>\n\n\n\n<p>\u201cAqu\u00ed se abre el coraz\u00f3n y se extiende la mano a nuestros pueblos originarios, no solo de Veracruz, sino de todo M\u00e9xico. Es un honor recibirlos en esta gran fiesta que es de todos. La cultura es un eje central de nuestro gobierno, y por eso esta Cumbre es gratuita, para que todos puedan ser parte de ella&#8221;, expres\u00f3.<\/p>\n\n\n\n<p>Durante la recepci\u00f3n del Bast\u00f3n de Mando, reiter\u00f3 su compromiso con el bienestar de las comunidades del estado.<\/p>\n\n\n\n<p>&#8220;Expreso mi respeto a los abuelos, al pueblo totonaco, a nuestra cultura y a nuestras ra\u00edces en todas las etnias de nuestro bello estado. Lo promet\u00ed y aqu\u00ed estoy. Promet\u00ed ser una Gobernadora del pueblo y para el pueblo. Promet\u00ed que nuestra cultura ser\u00eda un eje fundamental, y hoy reafirmo mi compromiso&#8221;, agreg\u00f3.<\/p>\n\n\n\n<p>Por su parte, el presidente del Consejo Totonaco de Organizaciones y Comunidades, Tata Gerardo Cruz Espinoza, llam\u00f3 a fortalecer la cultura y la lengua materna, invitando a la comunidad a mantener vivas sus tradiciones.<\/p>\n\n\n\n<p>&#8220;Gracias a todos ustedes. Ojal\u00e1 que trabajemos juntos con las comunidades y con todos los equipos para que la cultura no se pierda. Vamos a seguir hablando la lengua materna, porque es muy importante. Los abuelos y las mam\u00e1s deben ense\u00f1arla a sus nietos para fortalecer nuestro pueblo&#8221;, expres\u00f3.<\/p>\n\n\n\n<p>Acompa\u00f1aron a la Gobernadora representantes de los tres poderes del estado, legisladores federales y locales, integrantes del gabinete, autoridades municipales y mandos de las fuerzas armadas y de seguridad. Tambi\u00e9n, el embajador de Cuba en M\u00e9xico, Marcos Rodr\u00edguez Costa, y el oficial de Cultura de la UNESCO en M\u00e9xico, Carlos Tejeda.<\/p>\n\n\n\n<p>Asimismo, participaron guardianes de la tradici\u00f3n totonaca, abuelas y abuelos del Kantiyan, representantes del Centro de las Artes Ind\u00edgenas y promotores de la Ceremonia Ritual de los Voladores, quienes con su presencia refrendaron el compromiso de preservar y difundir la riqueza cultural de Veracruz.<\/p>\n\n\n\n<p>&#8212;000&#8212;<\/p>\n","protected":false},"excerpt":{"rendered":"<p>Recibi\u00f3 el Bast\u00f3n de Mando del Consejo de Ancianos.Atender a los pueblos originarios y a los m\u00e1s necesitados, prioridad de gobierno.El Tata Gerardo llama a fortalecer la cultura y preservar la lengua materna. Papantla, Ver., mi\u00e9rcoles 19 de marzo de 2025.- En un acto de profundo respeto a la tradici\u00f3n y al legado del pueblo&#8230;<\/p>\n","protected":false},"author":2,"featured_media":5515,"comment_status":"closed","ping_status":"closed","sticky":false,"template":"","format":"standard","meta":{"_jetpack_memberships_contains_paid_content":false,"footnotes":"","jetpack_publicize_message":"","jetpack_publicize_feature_enabled":true,"jetpack_social_post_already_shared":true,"jetpack_social_options":{"image_generator_settings":{"template":"highway","default_image_id":0,"font":"","enabled":false},"version":2}},"categories":[23],"tags":[],"class_list":["post-5514","post","type-post","status-publish","format-standard","has-post-thumbnail","hentry","category-actividadesnahle"],"jetpack_publicize_connections":[],"jetpack_featured_media_url":"https:\/\/veracruzanosexcepcionahles.com\/wp-content\/uploads\/2025\/03\/WhatsApp-Image-2025-03-19-at-6.59.40-PM-scaled.jpeg","jetpack_sharing_enabled":true,"jetpack_likes_enabled":true,"jetpack_shortlink":"https:\/\/wp.me\/pe8dhK-1qW","_links":{"self":[{"href":"https:\/\/veracruzanosexcepcionahles.com\/index.php\/wp-json\/wp\/v2\/posts\/5514","targetHints":{"allow":["GET"]}}],"collection":[{"href":"https:\/\/veracruzanosexcepcionahles.com\/index.php\/wp-json\/wp\/v2\/posts"}],"about":[{"href":"https:\/\/veracruzanosexcepcionahles.com\/index.php\/wp-json\/wp\/v2\/types\/post"}],"author":[{"embeddable":true,"href":"https:\/\/veracruzanosexcepcionahles.com\/index.php\/wp-json\/wp\/v2\/users\/2"}],"replies":[{"embeddable":true,"href":"https:\/\/veracruzanosexcepcionahles.com\/index.php\/wp-json\/wp\/v2\/comments?post=5514"}],"version-history":[{"count":1,"href":"https:\/\/veracruzanosexcepcionahles.com\/index.php\/wp-json\/wp\/v2\/posts\/5514\/revisions"}],"predecessor-version":[{"id":5516,"href":"https:\/\/veracruzanosexcepcionahles.com\/index.php\/wp-json\/wp\/v2\/posts\/5514\/revisions\/5516"}],"wp:featuredmedia":[{"embeddable":true,"href":"https:\/\/veracruzanosexcepcionahles.com\/index.php\/wp-json\/wp\/v2\/media\/5515"}],"wp:attachment":[{"href":"https:\/\/veracruzanosexcepcionahles.com\/index.php\/wp-json\/wp\/v2\/media?parent=5514"}],"wp:term":[{"taxonomy":"category","embeddable":true,"href":"https:\/\/veracruzanosexcepcionahles.com\/index.php\/wp-json\/wp\/v2\/categories?post=5514"},{"taxonomy":"post_tag","embeddable":true,"href":"https:\/\/veracruzanosexcepcionahles.com\/index.php\/wp-json\/wp\/v2\/tags?post=5514"}],"curies":[{"name":"wp","href":"https:\/\/api.w.org\/{rel}","templated":true}]}}