{"id":5511,"date":"2025-03-19T13:38:00","date_gmt":"2025-03-19T19:38:00","guid":{"rendered":"https:\/\/veracruzanosexcepcionahles.com\/?p=5511"},"modified":"2025-03-19T13:38:01","modified_gmt":"2025-03-19T19:38:01","slug":"olivia-gorra-engalanara-cumbre-tajin-2025-con-su-extraordinaria-voz","status":"publish","type":"post","link":"https:\/\/veracruzanosexcepcionahles.com\/index.php\/2025\/03\/19\/olivia-gorra-engalanara-cumbre-tajin-2025-con-su-extraordinaria-voz\/","title":{"rendered":"Olivia Gorra engalanar\u00e1 Cumbre Taj\u00edn 2025 con su extraordinaria voz"},"content":{"rendered":"\n<p>*Ha compartido escenario con Pl\u00e1cido Domingo, Andrea Bocelli y Rolando Villaz\u00f3n.<\/p>\n\n\n\n<p>Xalapa, Ver., mi\u00e9rcoles 19 de marzo de 2025.- La gobernadora Roc\u00edo Nahle Garc\u00eda invit\u00f3, a trav\u00e9s de sus redes sociales, a disfrutar la presentaci\u00f3n de la reconocida soprano Olivia Gorra en Cumbre Taj\u00edn, donde ofrecer\u00e1 un espect\u00e1culo imperdible el pr\u00f3ximo 23 de marzo.<\/p>\n\n\n\n<p>&#8220;Ser\u00e1 un honor contar con la presencia de la talentosa soprano Olivia Gorra, que nos engalanar\u00e1 con su voz en Cumbre Taj\u00edn&#8221;, expres\u00f3 la Mandataria, acompa\u00f1ando el mensaje con una fotograf\u00eda junto a la destacada artista.<\/p>\n\n\n\n<p>Considerada la soprano m\u00e1s importante de M\u00e9xico por la Uni\u00f3n de Cr\u00edticos de Teatro y M\u00fasica, Olivia Gorra posee una trayectoria internacional de m\u00e1s de 30 a\u00f1os.<\/p>\n\n\n\n<p>Su formaci\u00f3n en la Escuela Superior de M\u00fasica del INBAL y en la Manhattan School of Music de Nueva York le ha permitido compartir escenario con grandes figuras como Pl\u00e1cido Domingo, Ram\u00f3n Vargas, Andrea Bocelli, Rolando Villaz\u00f3n y Fernando de la Mora, adem\u00e1s de ser galardonada con la Medalla Mozart y la Medalla Agust\u00edn Lara.<\/p>\n\n\n\n<p>El Festival de la Identidad contin\u00faa posicion\u00e1ndose como un escenario donde convergen el talento internacional y la riqueza cultural de Veracruz; la participaci\u00f3n de Olivia Gorra en Cumbre Taj\u00edn no solo enaltece esta edici\u00f3n, sino que tambi\u00e9n refuerza el v\u00ednculo entre la m\u00fasica y las tradiciones ancestrales, ofreciendo al p\u00fablico un espect\u00e1culo de gran calidad art\u00edstica.<\/p>\n\n\n\n<p>Bajo el lema la siembra para el mundo, Cumbre Taj\u00edn se llevar\u00e1 a cabo del 19 al 23 de marzo, reafirmando su importancia como uno de los eventos culturales m\u00e1s emblem\u00e1ticos de M\u00e9xico y un espacio fundamental para la difusi\u00f3n y conservaci\u00f3n del legado totonaca.<br>\u2014000\u2014<\/p>\n","protected":false},"excerpt":{"rendered":"<p>*Ha compartido escenario con Pl\u00e1cido Domingo, Andrea Bocelli y Rolando Villaz\u00f3n. Xalapa, Ver., mi\u00e9rcoles 19 de marzo de 2025.- La gobernadora Roc\u00edo Nahle Garc\u00eda invit\u00f3, a trav\u00e9s de sus redes sociales, a disfrutar la presentaci\u00f3n de la reconocida soprano Olivia Gorra en Cumbre Taj\u00edn, donde ofrecer\u00e1 un espect\u00e1culo imperdible el pr\u00f3ximo 23 de marzo. &#8220;Ser\u00e1&#8230;<\/p>\n","protected":false},"author":2,"featured_media":5512,"comment_status":"closed","ping_status":"closed","sticky":false,"template":"","format":"standard","meta":{"_jetpack_memberships_contains_paid_content":false,"footnotes":"","jetpack_publicize_message":"","jetpack_publicize_feature_enabled":true,"jetpack_social_post_already_shared":true,"jetpack_social_options":{"image_generator_settings":{"template":"highway","default_image_id":0,"font":"","enabled":false},"version":2}},"categories":[23],"tags":[],"class_list":["post-5511","post","type-post","status-publish","format-standard","has-post-thumbnail","hentry","category-actividadesnahle"],"jetpack_publicize_connections":[],"jetpack_featured_media_url":"https:\/\/veracruzanosexcepcionahles.com\/wp-content\/uploads\/2025\/03\/WhatsApp-Image-2025-03-19-at-9.16.26-AM.jpeg","jetpack_sharing_enabled":true,"jetpack_likes_enabled":true,"jetpack_shortlink":"https:\/\/wp.me\/pe8dhK-1qT","_links":{"self":[{"href":"https:\/\/veracruzanosexcepcionahles.com\/index.php\/wp-json\/wp\/v2\/posts\/5511","targetHints":{"allow":["GET"]}}],"collection":[{"href":"https:\/\/veracruzanosexcepcionahles.com\/index.php\/wp-json\/wp\/v2\/posts"}],"about":[{"href":"https:\/\/veracruzanosexcepcionahles.com\/index.php\/wp-json\/wp\/v2\/types\/post"}],"author":[{"embeddable":true,"href":"https:\/\/veracruzanosexcepcionahles.com\/index.php\/wp-json\/wp\/v2\/users\/2"}],"replies":[{"embeddable":true,"href":"https:\/\/veracruzanosexcepcionahles.com\/index.php\/wp-json\/wp\/v2\/comments?post=5511"}],"version-history":[{"count":1,"href":"https:\/\/veracruzanosexcepcionahles.com\/index.php\/wp-json\/wp\/v2\/posts\/5511\/revisions"}],"predecessor-version":[{"id":5513,"href":"https:\/\/veracruzanosexcepcionahles.com\/index.php\/wp-json\/wp\/v2\/posts\/5511\/revisions\/5513"}],"wp:featuredmedia":[{"embeddable":true,"href":"https:\/\/veracruzanosexcepcionahles.com\/index.php\/wp-json\/wp\/v2\/media\/5512"}],"wp:attachment":[{"href":"https:\/\/veracruzanosexcepcionahles.com\/index.php\/wp-json\/wp\/v2\/media?parent=5511"}],"wp:term":[{"taxonomy":"category","embeddable":true,"href":"https:\/\/veracruzanosexcepcionahles.com\/index.php\/wp-json\/wp\/v2\/categories?post=5511"},{"taxonomy":"post_tag","embeddable":true,"href":"https:\/\/veracruzanosexcepcionahles.com\/index.php\/wp-json\/wp\/v2\/tags?post=5511"}],"curies":[{"name":"wp","href":"https:\/\/api.w.org\/{rel}","templated":true}]}}