{"id":5508,"date":"2025-03-19T13:34:26","date_gmt":"2025-03-19T19:34:26","guid":{"rendered":"https:\/\/veracruzanosexcepcionahles.com\/?p=5508"},"modified":"2025-03-19T13:34:28","modified_gmt":"2025-03-19T19:34:28","slug":"parque-tematico-takilhsukut-recibe-a-visitantes-con-una-imagen-renovada","status":"publish","type":"post","link":"https:\/\/veracruzanosexcepcionahles.com\/index.php\/2025\/03\/19\/parque-tematico-takilhsukut-recibe-a-visitantes-con-una-imagen-renovada\/","title":{"rendered":"Parque Tem\u00e1tico Takilhsukut recibe a visitantes con una imagen renovada"},"content":{"rendered":"\n<p>>Un espacio seguro y c\u00f3modo para disfrutar de Cumbre Taj\u00edn.\u00a0<\/p>\n\n\n\n<p>&gt;Las v\u00edas de acceso tambi\u00e9n fueron intervenidas para facilitar el tr\u00e1nsito.<\/p>\n\n\n\n<p><strong>Papantla, Ver., mi\u00e9rcoles 19 de marzo de 2025.- <\/strong>Con el inicio de Cumbre Taj\u00edn, el Parque Tem\u00e1tico Takilhsukut recibe a visitantes con una imagen renovada, resultado de los trabajos de remodelaci\u00f3n realizados por el Gobierno de Veracruz, para ofrecer un espacio lleno de cultura y tradici\u00f3n y que turistas y asistentes disfruten de una experiencia inigualable.<\/p>\n\n\n\n<p>La secretaria de Cultura de Veracruz (SECVER), X\u00f3chitl Molina Gonz\u00e1lez, destac\u00f3 que, tras la visita de la gobernadora Roc\u00edo Nahle Garc\u00eda a principios de enero, se dio la instrucci\u00f3n de rehabilitar integralmente todas las \u00e1reas del recinto, con el objetivo de garantizar una experiencia \u00f3ptima para los asistentes.&nbsp;<\/p>\n\n\n\n<p>\u201cSe aplicaron recursos a trav\u00e9s de la Secretar\u00eda de Infraestructura y Obra P\u00fablica, y hoy vemos los resultados. Esto nos permite recibir como se merece a todo el turismo. De hecho, ya lleg\u00f3 un grupo de visitantes espa\u00f1oles, resultado de la promoci\u00f3n en la Feria Internacional de Turismo (FITUR)\u201d, se\u00f1al\u00f3.&nbsp;<\/p>\n\n\n\n<p>Adem\u00e1s, resalt\u00f3 el operativo de seguridad implementado para el desarrollo del Festival de la Identidad, en el que participan alrededor de 600 elementos de distintas fuerzas de tarea federal, estatal y municipal.&nbsp;<\/p>\n\n\n\n<p>El Parque Tem\u00e1tico Takilhsukut tambi\u00e9n ofrece un \u00e1rea de campamento para quienes desean pernoctar y disfrutar del entorno natural, \u201ces un espacio seguro, c\u00f3modo, higi\u00e9nico y con un costo m\u00ednimo\u201d, afirm\u00f3.<\/p>\n\n\n\n<p>Finalmente, la titular de SECVER destac\u00f3 las obras de reconstrucci\u00f3n y asfaltado de la carretera de acceso a la zona arqueol\u00f3gica, &#8220;la Gobernadora se puso manos a la obra y, desde el inicio de su administraci\u00f3n, ha trabajado en la mejora de las carreteras\u201d, sostuvo.<\/p>\n\n\n\n<p>&#8212;000&#8212;<\/p>\n","protected":false},"excerpt":{"rendered":"<p>>Un espacio seguro y c\u00f3modo para disfrutar de Cumbre Taj\u00edn.\u00a0 &gt;Las v\u00edas de acceso tambi\u00e9n fueron intervenidas para facilitar el tr\u00e1nsito. Papantla, Ver., mi\u00e9rcoles 19 de marzo de 2025.- Con el inicio de Cumbre Taj\u00edn, el Parque Tem\u00e1tico Takilhsukut recibe a visitantes con una imagen renovada, resultado de los trabajos de remodelaci\u00f3n realizados por el&#8230;<\/p>\n","protected":false},"author":2,"featured_media":5509,"comment_status":"closed","ping_status":"closed","sticky":false,"template":"","format":"standard","meta":{"_jetpack_memberships_contains_paid_content":false,"footnotes":"","jetpack_publicize_message":"","jetpack_publicize_feature_enabled":true,"jetpack_social_post_already_shared":true,"jetpack_social_options":{"image_generator_settings":{"template":"highway","default_image_id":0,"font":"","enabled":false},"version":2}},"categories":[2],"tags":[],"class_list":["post-5508","post","type-post","status-publish","format-standard","has-post-thumbnail","hentry","category-gobiernoestatal"],"jetpack_publicize_connections":[],"jetpack_featured_media_url":"https:\/\/veracruzanosexcepcionahles.com\/wp-content\/uploads\/2025\/03\/WhatsApp-Image-2025-03-19-at-12.44.41-PM.jpeg","jetpack_sharing_enabled":true,"jetpack_likes_enabled":true,"jetpack_shortlink":"https:\/\/wp.me\/pe8dhK-1qQ","_links":{"self":[{"href":"https:\/\/veracruzanosexcepcionahles.com\/index.php\/wp-json\/wp\/v2\/posts\/5508","targetHints":{"allow":["GET"]}}],"collection":[{"href":"https:\/\/veracruzanosexcepcionahles.com\/index.php\/wp-json\/wp\/v2\/posts"}],"about":[{"href":"https:\/\/veracruzanosexcepcionahles.com\/index.php\/wp-json\/wp\/v2\/types\/post"}],"author":[{"embeddable":true,"href":"https:\/\/veracruzanosexcepcionahles.com\/index.php\/wp-json\/wp\/v2\/users\/2"}],"replies":[{"embeddable":true,"href":"https:\/\/veracruzanosexcepcionahles.com\/index.php\/wp-json\/wp\/v2\/comments?post=5508"}],"version-history":[{"count":1,"href":"https:\/\/veracruzanosexcepcionahles.com\/index.php\/wp-json\/wp\/v2\/posts\/5508\/revisions"}],"predecessor-version":[{"id":5510,"href":"https:\/\/veracruzanosexcepcionahles.com\/index.php\/wp-json\/wp\/v2\/posts\/5508\/revisions\/5510"}],"wp:featuredmedia":[{"embeddable":true,"href":"https:\/\/veracruzanosexcepcionahles.com\/index.php\/wp-json\/wp\/v2\/media\/5509"}],"wp:attachment":[{"href":"https:\/\/veracruzanosexcepcionahles.com\/index.php\/wp-json\/wp\/v2\/media?parent=5508"}],"wp:term":[{"taxonomy":"category","embeddable":true,"href":"https:\/\/veracruzanosexcepcionahles.com\/index.php\/wp-json\/wp\/v2\/categories?post=5508"},{"taxonomy":"post_tag","embeddable":true,"href":"https:\/\/veracruzanosexcepcionahles.com\/index.php\/wp-json\/wp\/v2\/tags?post=5508"}],"curies":[{"name":"wp","href":"https:\/\/api.w.org\/{rel}","templated":true}]}}