{"id":5505,"date":"2025-03-19T13:26:14","date_gmt":"2025-03-19T19:26:14","guid":{"rendered":"https:\/\/veracruzanosexcepcionahles.com\/?p=5505"},"modified":"2025-03-19T13:26:16","modified_gmt":"2025-03-19T19:26:16","slug":"listo-operativo-de-seguridad-en-cumbre-tajin","status":"publish","type":"post","link":"https:\/\/veracruzanosexcepcionahles.com\/index.php\/2025\/03\/19\/listo-operativo-de-seguridad-en-cumbre-tajin\/","title":{"rendered":"Listo, operativo de seguridad en Cumbre Taj\u00edn"},"content":{"rendered":"\n<p>*Despliega Gobierno de Veracruz operativo coordinado por v\u00eda terrestre y a\u00e9rea.<br>*Turistas y visitantes tendr\u00e1n una experiencia segura.<\/p>\n\n\n\n<p>Papantla, Ver., mi\u00e9rcoles 19 de marzo de 2025.- Para garantizar la seguridad de los asistentes a Cumbre Taj\u00edn, que se celebra del 19 al 23 de marzo, el Gobierno del Estado de Veracruz ha desplegado un operativo coordinado entre las distintas fuerzas de tarea estatal y federal.<\/p>\n\n\n\n<p>En estas acciones participan 588 elementos de seguridad de nueve fuerzas de tareas estatales, federales y municipales, apoyados por 69 veh\u00edculos, seis agentes caninos y diez equinos.<\/p>\n\n\n\n<p>El operativo se extiende en el Parque Tem\u00e1tico Takilhsukut y sus alrededores, donde se llevan a cabo tareas de vigilancia, prevenci\u00f3n y respuesta inmediata.<\/p>\n\n\n\n<p>Adem\u00e1s, la Secretar\u00eda de Protecci\u00f3n Civil supervisa las estructuras temporales, como escenarios, templetes y tarimas, para garantizar su estabilidad.<\/p>\n\n\n\n<p>Un total de 210 efectivos de la Secretar\u00eda de Seguridad P\u00fablica, C4 y la Direcci\u00f3n de Tr\u00e1nsito y Seguridad Vial trabajan en labores de seguridad, vigilancia y control del flujo vehicular en la zona.<\/p>\n\n\n\n<p>Asimismo, se cuenta con la participaci\u00f3n de las secretar\u00edas de la Defensa Nacional, de Cultura, Salud y Educaci\u00f3n de Veracruz y el Ayuntamiento de Papantla, en un esfuerzo conjunto para brindar protecci\u00f3n y asistencia a los visitantes.<\/p>\n\n\n\n<p>Las autoridades exhortan a la poblaci\u00f3n a seguir las recomendaciones de seguridad, como revisar las condiciones del veh\u00edculo antes de viajar, conducir con precauci\u00f3n, establecer puntos de encuentro con sus acompa\u00f1antes en caso de separarse y atender las indicaciones del personal desplegado en el evento.<\/p>\n\n\n\n<p>&#8212;000&#8212;<\/p>\n","protected":false},"excerpt":{"rendered":"<p>*Despliega Gobierno de Veracruz operativo coordinado por v\u00eda terrestre y a\u00e9rea.*Turistas y visitantes tendr\u00e1n una experiencia segura. Papantla, Ver., mi\u00e9rcoles 19 de marzo de 2025.- Para garantizar la seguridad de los asistentes a Cumbre Taj\u00edn, que se celebra del 19 al 23 de marzo, el Gobierno del Estado de Veracruz ha desplegado un operativo coordinado&#8230;<\/p>\n","protected":false},"author":2,"featured_media":5506,"comment_status":"closed","ping_status":"closed","sticky":false,"template":"","format":"standard","meta":{"_jetpack_memberships_contains_paid_content":false,"footnotes":"","jetpack_publicize_message":"","jetpack_publicize_feature_enabled":true,"jetpack_social_post_already_shared":true,"jetpack_social_options":{"image_generator_settings":{"template":"highway","default_image_id":0,"font":"","enabled":false},"version":2}},"categories":[2],"tags":[],"class_list":["post-5505","post","type-post","status-publish","format-standard","has-post-thumbnail","hentry","category-gobiernoestatal"],"jetpack_publicize_connections":[],"jetpack_featured_media_url":"https:\/\/veracruzanosexcepcionahles.com\/wp-content\/uploads\/2025\/03\/WhatsApp-Image-2025-03-19-at-12.46.29-PM-scaled.jpeg","jetpack_sharing_enabled":true,"jetpack_likes_enabled":true,"jetpack_shortlink":"https:\/\/wp.me\/pe8dhK-1qN","_links":{"self":[{"href":"https:\/\/veracruzanosexcepcionahles.com\/index.php\/wp-json\/wp\/v2\/posts\/5505","targetHints":{"allow":["GET"]}}],"collection":[{"href":"https:\/\/veracruzanosexcepcionahles.com\/index.php\/wp-json\/wp\/v2\/posts"}],"about":[{"href":"https:\/\/veracruzanosexcepcionahles.com\/index.php\/wp-json\/wp\/v2\/types\/post"}],"author":[{"embeddable":true,"href":"https:\/\/veracruzanosexcepcionahles.com\/index.php\/wp-json\/wp\/v2\/users\/2"}],"replies":[{"embeddable":true,"href":"https:\/\/veracruzanosexcepcionahles.com\/index.php\/wp-json\/wp\/v2\/comments?post=5505"}],"version-history":[{"count":1,"href":"https:\/\/veracruzanosexcepcionahles.com\/index.php\/wp-json\/wp\/v2\/posts\/5505\/revisions"}],"predecessor-version":[{"id":5507,"href":"https:\/\/veracruzanosexcepcionahles.com\/index.php\/wp-json\/wp\/v2\/posts\/5505\/revisions\/5507"}],"wp:featuredmedia":[{"embeddable":true,"href":"https:\/\/veracruzanosexcepcionahles.com\/index.php\/wp-json\/wp\/v2\/media\/5506"}],"wp:attachment":[{"href":"https:\/\/veracruzanosexcepcionahles.com\/index.php\/wp-json\/wp\/v2\/media?parent=5505"}],"wp:term":[{"taxonomy":"category","embeddable":true,"href":"https:\/\/veracruzanosexcepcionahles.com\/index.php\/wp-json\/wp\/v2\/categories?post=5505"},{"taxonomy":"post_tag","embeddable":true,"href":"https:\/\/veracruzanosexcepcionahles.com\/index.php\/wp-json\/wp\/v2\/tags?post=5505"}],"curies":[{"name":"wp","href":"https:\/\/api.w.org\/{rel}","templated":true}]}}