{"id":5499,"date":"2025-03-18T11:45:55","date_gmt":"2025-03-18T17:45:55","guid":{"rendered":"https:\/\/veracruzanosexcepcionahles.com\/?p=5499"},"modified":"2025-03-18T11:45:56","modified_gmt":"2025-03-18T17:45:56","slug":"5499","status":"publish","type":"post","link":"https:\/\/veracruzanosexcepcionahles.com\/index.php\/2025\/03\/18\/5499\/","title":{"rendered":""},"content":{"rendered":"\n<p>Comunicado: 0775<\/p>\n\n\n\n<p>Del 26 de abril al 03 de mayo, Veracruz se suma a la jornada nacional para prevenir sarampi\u00f3n y tosferina<\/p>\n\n\n\n<blockquote class=\"wp-block-quote is-layout-flow wp-block-quote-is-layout-flow\">\n<p>Aplicar\u00e1n 14 biol\u00f3gicos en todo el pa\u00eds; hay cobertura total en centros m\u00e9dicos.<br>Prioridad, poblaci\u00f3n infantil y mujeres embarazadas.<\/p>\n<\/blockquote>\n\n\n\n<p>Xalapa, Ver., martes 18 de marzo de 2025.- Ante el ligero aumento de casos de sarampi\u00f3n y tosferina en el pa\u00eds, la Secretar\u00eda de Salud de Veracruz se suma al fortalecimiento del programa de vacunaci\u00f3n para contener la propagaci\u00f3n de ambas enfermedades, que afectan principalmente a ni\u00f1os y personas no inmunizadas.<\/p>\n\n\n\n<p>Durante la conferencia Las ma\u00f1aneras del pueblo, el secretario de Salud federal, David Kershenobich, present\u00f3 el panorama epidemiol\u00f3gico y destac\u00f3 que el sarampi\u00f3n es altamente contagioso, pero prevenible con la vacuna triple viral (sarampi\u00f3n, rub\u00e9ola y paperas), la cual se aplica a los 12 y 18 meses de edad.<\/p>\n\n\n\n<p>Mientras que la tosferina, enfermedad respiratoria causada por la bacteria Bordetella pertussis, registra menos de 300 casos en el pa\u00eds y para su prevenci\u00f3n, se recomienda la vacuna hexavalente en beb\u00e9s desde los 2 meses de edad, una dosis de refuerzo entre los 4 y 7 a\u00f1os y mujeres embarazadas a partir de la semana 20 de gestaci\u00f3n.<\/p>\n\n\n\n<p>El Secretario anunci\u00f3 que la pr\u00f3xima Semana Nacional de Vacunaci\u00f3n se llevar\u00e1 a cabo del 26 de abril al 03 de mayo, con la aplicaci\u00f3n de 14 biol\u00f3gicos en todo el pa\u00eds; adem\u00e1s, asegur\u00f3 que hay suficientes vacunas disponibles en centros de salud y hospitales para atender a la poblaci\u00f3n en riesgo.<\/p>\n\n\n\n<p>El Gobierno de Veracruz se une al llamado a la ciudadan\u00eda a completar sus esquemas de vacunaci\u00f3n y acudir a los centros de salud en caso de s\u00edntomas como fiebre, ronchas en la piel, tos intensa o dificultad para respirar.<\/p>\n\n\n\n<p>&#8212;000&#8212;-<\/p>\n","protected":false},"excerpt":{"rendered":"<p>Comunicado: 0775 Del 26 de abril al 03 de mayo, Veracruz se suma a la jornada nacional para prevenir sarampi\u00f3n y tosferina Aplicar\u00e1n 14 biol\u00f3gicos en todo el pa\u00eds; hay cobertura total en centros m\u00e9dicos.Prioridad, poblaci\u00f3n infantil y mujeres embarazadas. Xalapa, Ver., martes 18 de marzo de 2025.- Ante el ligero aumento de casos de&#8230;<\/p>\n","protected":false},"author":2,"featured_media":5500,"comment_status":"closed","ping_status":"closed","sticky":false,"template":"","format":"standard","meta":{"_jetpack_memberships_contains_paid_content":false,"footnotes":"","jetpack_publicize_message":"","jetpack_publicize_feature_enabled":true,"jetpack_social_post_already_shared":true,"jetpack_social_options":{"image_generator_settings":{"template":"highway","default_image_id":0,"font":"","enabled":false},"version":2}},"categories":[2],"tags":[],"class_list":["post-5499","post","type-post","status-publish","format-standard","has-post-thumbnail","hentry","category-gobiernoestatal"],"jetpack_publicize_connections":[],"jetpack_featured_media_url":"https:\/\/veracruzanosexcepcionahles.com\/wp-content\/uploads\/2025\/03\/WhatsApp-Image-2025-03-18-at-11.04.57-AM.jpeg","jetpack_sharing_enabled":true,"jetpack_likes_enabled":true,"jetpack_shortlink":"https:\/\/wp.me\/se8dhK-5499","_links":{"self":[{"href":"https:\/\/veracruzanosexcepcionahles.com\/index.php\/wp-json\/wp\/v2\/posts\/5499","targetHints":{"allow":["GET"]}}],"collection":[{"href":"https:\/\/veracruzanosexcepcionahles.com\/index.php\/wp-json\/wp\/v2\/posts"}],"about":[{"href":"https:\/\/veracruzanosexcepcionahles.com\/index.php\/wp-json\/wp\/v2\/types\/post"}],"author":[{"embeddable":true,"href":"https:\/\/veracruzanosexcepcionahles.com\/index.php\/wp-json\/wp\/v2\/users\/2"}],"replies":[{"embeddable":true,"href":"https:\/\/veracruzanosexcepcionahles.com\/index.php\/wp-json\/wp\/v2\/comments?post=5499"}],"version-history":[{"count":1,"href":"https:\/\/veracruzanosexcepcionahles.com\/index.php\/wp-json\/wp\/v2\/posts\/5499\/revisions"}],"predecessor-version":[{"id":5501,"href":"https:\/\/veracruzanosexcepcionahles.com\/index.php\/wp-json\/wp\/v2\/posts\/5499\/revisions\/5501"}],"wp:featuredmedia":[{"embeddable":true,"href":"https:\/\/veracruzanosexcepcionahles.com\/index.php\/wp-json\/wp\/v2\/media\/5500"}],"wp:attachment":[{"href":"https:\/\/veracruzanosexcepcionahles.com\/index.php\/wp-json\/wp\/v2\/media?parent=5499"}],"wp:term":[{"taxonomy":"category","embeddable":true,"href":"https:\/\/veracruzanosexcepcionahles.com\/index.php\/wp-json\/wp\/v2\/categories?post=5499"},{"taxonomy":"post_tag","embeddable":true,"href":"https:\/\/veracruzanosexcepcionahles.com\/index.php\/wp-json\/wp\/v2\/tags?post=5499"}],"curies":[{"name":"wp","href":"https:\/\/api.w.org\/{rel}","templated":true}]}}