{"id":5486,"date":"2025-03-14T13:45:24","date_gmt":"2025-03-14T19:45:24","guid":{"rendered":"https:\/\/veracruzanosexcepcionahles.com\/?p=5486"},"modified":"2025-03-14T13:45:25","modified_gmt":"2025-03-14T19:45:25","slug":"signa-gobernadora-rocio-nahle-alianza-de-seguridad-con-oaxaca-y-puebla","status":"publish","type":"post","link":"https:\/\/veracruzanosexcepcionahles.com\/index.php\/2025\/03\/14\/signa-gobernadora-rocio-nahle-alianza-de-seguridad-con-oaxaca-y-puebla\/","title":{"rendered":"Signa gobernadora Roc\u00edo Nahle alianza de seguridad con Oaxaca y Puebla"},"content":{"rendered":"\n<p>*Permitir\u00e1 mayor coordinaci\u00f3n en inteligencia, procuraci\u00f3n de justicia y combate a la impunidad.<\/p>\n\n\n\n<p>Veracruz, Ver., viernes 14 de marzo de 2025.- En un esfuerzo por garantizar la paz en la regi\u00f3n, la gobernadora Roc\u00edo Nahle Garc\u00eda encabez\u00f3 la firma de convenios de coordinaci\u00f3n y colaboraci\u00f3n en materia de seguridad con sus hom\u00f3logos de Oaxaca, Salom\u00f3n Jara Cruz, y de Puebla, Alejandro Armenta Mier.<\/p>\n\n\n\n<p>Desde el Faro Venustiano Carranza, sede de la Tercera Zona Naval Militar, la mandataria veracruzana destac\u00f3 que este acuerdo permitir\u00e1 reforzar la estrategia de seguridad en las zonas lim\u00edtrofes, en estrecha colaboraci\u00f3n con el Gobierno Federal.<\/p>\n\n\n\n<p>\u201cEl tema de seguridad no tiene fronteras, debemos mantener la armon\u00eda entre estados hermanos; este convenio lo hacemos de la mano con la pol\u00edtica de la presidenta Claudia Sheinbaum Pardo, con un factor com\u00fan: cero impunidad\u201d, expres\u00f3.<\/p>\n\n\n\n<p>Resalt\u00f3 que, gracias a esta coordinaci\u00f3n, las fuerzas de seguridad y procuraci\u00f3n de justicia de las tres entidades actuar\u00e1n de manera conjunta y efectiva, asegurando un tr\u00e1nsito fluido de informaci\u00f3n y acciones.<\/p>\n\n\n\n<p>El gobernador de Oaxaca, Salom\u00f3n Jara Cruz, subray\u00f3 que este es un paso m\u00e1s hacia la construcci\u00f3n de una agenda com\u00fan; adem\u00e1s, destac\u00f3 la relevancia del Corredor Interoce\u00e1nico del Istmo de Tehuantepec, un proyecto clave para el desarrollo econ\u00f3mico no s\u00f3lo de la regi\u00f3n, sino del pa\u00eds.<\/p>\n\n\n\n<p>En tanto, el gobernador Alejandro Armenta Mier enfatiz\u00f3 que garantiza una coordinaci\u00f3n plena en inteligencia, procuraci\u00f3n de justicia e investigaci\u00f3n, haciendo \u00e9nfasis en que la presencia de la Guardia Nacional, la Sedena y la Marina es fundamental para la paz.<\/p>\n\n\n\n<p>Fueron testigos de la signa del documento las presidentas del Tribunal Superior de Justicia de Veracruz, Lisbeth Aurelia Jim\u00e9nez Aguirre y de la Mesa Directiva del Congreso del Estado, Tanya Carola Viveros Ch\u00e1zaro.<\/p>\n\n\n\n<p>Los comandantes de la Primera Regi\u00f3n Naval, Carlos Eduardo L&#8217;Eglise Escamilla; de la Sexta Regi\u00f3n Militar, H\u00e9ctor \u00c1vila Alcocer; de la Octava Regi\u00f3n Militar, Gabriel Garc\u00eda Rinc\u00f3n, y el coordinador estatal de la Guardia Nacional en Veracruz, Vicente Dimayuga Canales.<\/p>\n\n\n\n<p>As\u00ed como los secretarios de Gobierno de Veracruz, Ricardo Ahued Bardahuil; Oaxaca, Jes\u00fas Romero L\u00f3pez, y Puebla, Jos\u00e9 Samuel Aguilar Pala; de Seguridad, por pate de Puebla, Francisco S\u00e1nchez Gonz\u00e1lez, y de Veracruz, Alfonso Reyes Garc\u00e9s; y la secretaria ejecutiva del Sistema Estatal de Seguridad P\u00fablica de Oaxaca, Natalia Karina Bar\u00f3n Ortiz.<\/p>\n\n\n\n<p>&#8212;000&#8212;<\/p>\n","protected":false},"excerpt":{"rendered":"<p>*Permitir\u00e1 mayor coordinaci\u00f3n en inteligencia, procuraci\u00f3n de justicia y combate a la impunidad. Veracruz, Ver., viernes 14 de marzo de 2025.- En un esfuerzo por garantizar la paz en la regi\u00f3n, la gobernadora Roc\u00edo Nahle Garc\u00eda encabez\u00f3 la firma de convenios de coordinaci\u00f3n y colaboraci\u00f3n en materia de seguridad con sus hom\u00f3logos de Oaxaca, Salom\u00f3n&#8230;<\/p>\n","protected":false},"author":2,"featured_media":5487,"comment_status":"closed","ping_status":"closed","sticky":false,"template":"","format":"standard","meta":{"_jetpack_memberships_contains_paid_content":false,"footnotes":"","jetpack_publicize_message":"","jetpack_publicize_feature_enabled":true,"jetpack_social_post_already_shared":true,"jetpack_social_options":{"image_generator_settings":{"template":"highway","default_image_id":0,"font":"","enabled":false},"version":2}},"categories":[23],"tags":[],"class_list":["post-5486","post","type-post","status-publish","format-standard","has-post-thumbnail","hentry","category-actividadesnahle"],"jetpack_publicize_connections":[],"jetpack_featured_media_url":"https:\/\/veracruzanosexcepcionahles.com\/wp-content\/uploads\/2025\/03\/WhatsApp-Image-2025-03-14-at-1.29.38-PM-scaled.jpeg","jetpack_sharing_enabled":true,"jetpack_likes_enabled":true,"jetpack_shortlink":"https:\/\/wp.me\/pe8dhK-1qu","_links":{"self":[{"href":"https:\/\/veracruzanosexcepcionahles.com\/index.php\/wp-json\/wp\/v2\/posts\/5486","targetHints":{"allow":["GET"]}}],"collection":[{"href":"https:\/\/veracruzanosexcepcionahles.com\/index.php\/wp-json\/wp\/v2\/posts"}],"about":[{"href":"https:\/\/veracruzanosexcepcionahles.com\/index.php\/wp-json\/wp\/v2\/types\/post"}],"author":[{"embeddable":true,"href":"https:\/\/veracruzanosexcepcionahles.com\/index.php\/wp-json\/wp\/v2\/users\/2"}],"replies":[{"embeddable":true,"href":"https:\/\/veracruzanosexcepcionahles.com\/index.php\/wp-json\/wp\/v2\/comments?post=5486"}],"version-history":[{"count":1,"href":"https:\/\/veracruzanosexcepcionahles.com\/index.php\/wp-json\/wp\/v2\/posts\/5486\/revisions"}],"predecessor-version":[{"id":5488,"href":"https:\/\/veracruzanosexcepcionahles.com\/index.php\/wp-json\/wp\/v2\/posts\/5486\/revisions\/5488"}],"wp:featuredmedia":[{"embeddable":true,"href":"https:\/\/veracruzanosexcepcionahles.com\/index.php\/wp-json\/wp\/v2\/media\/5487"}],"wp:attachment":[{"href":"https:\/\/veracruzanosexcepcionahles.com\/index.php\/wp-json\/wp\/v2\/media?parent=5486"}],"wp:term":[{"taxonomy":"category","embeddable":true,"href":"https:\/\/veracruzanosexcepcionahles.com\/index.php\/wp-json\/wp\/v2\/categories?post=5486"},{"taxonomy":"post_tag","embeddable":true,"href":"https:\/\/veracruzanosexcepcionahles.com\/index.php\/wp-json\/wp\/v2\/tags?post=5486"}],"curies":[{"name":"wp","href":"https:\/\/api.w.org\/{rel}","templated":true}]}}