{"id":5471,"date":"2025-03-12T14:46:15","date_gmt":"2025-03-12T20:46:15","guid":{"rendered":"https:\/\/veracruzanosexcepcionahles.com\/?p=5471"},"modified":"2025-03-12T14:46:17","modified_gmt":"2025-03-12T20:46:17","slug":"presentan-en-tamaulipas-cumbre-y-ruta-tajin-a-operadores-y-prestadores-de-servicios-turisticos","status":"publish","type":"post","link":"https:\/\/veracruzanosexcepcionahles.com\/index.php\/2025\/03\/12\/presentan-en-tamaulipas-cumbre-y-ruta-tajin-a-operadores-y-prestadores-de-servicios-turisticos\/","title":{"rendered":"Presentan en Tamaulipas Cumbre y Ruta Taj\u00edn a operadores y prestadores de servicios tur\u00edsticos"},"content":{"rendered":"\n<p>*Veracruz se fortalece con el turismo cultural.<br>*M\u00e1s de 6 mil 500 habitaciones disponibles en la regi\u00f3n.<\/p>\n\n\n\n<p>Tampico, Tamps., mi\u00e9rcoles 12 de marzo de 2025.- La Secretar\u00eda de Cultura de Veracruz (SECVER), present\u00f3 la amplia oferta de actividades de la gran Ruta Taj\u00edn y el programa art\u00edstico y cultural del festival Cumbre Taj\u00edn, iniciativas que muestran la grandeza y la riqueza cultural del pueblo totonaca.<\/p>\n\n\n\n<p>En la reuni\u00f3n de Promoci\u00f3n Cultural y Art\u00edstica realizada con operadores y prestadores servicios tur\u00edsticos, la titular de la dependencia, Mar\u00eda X\u00f3chitl Molina Gonz\u00e1lez, hizo una invitaci\u00f3n a Cumbre Taj\u00edn 2025, del 19 al 23 de marzo, bajo el lema Tachan\u00e1n, la siembra para el mundo, con diversas disciplinas art\u00edsticas, espect\u00e1culos musicales, espacios de activaci\u00f3n y entretenimiento para toda la familia.<\/p>\n\n\n\n<p>El presidente de Asociaci\u00f3n Mexicana de Hoteles y Moteles del Norte del Estado Veracruz, Guillermo Salinas Cedillo, explic\u00f3 las actividades alternas que se realizar\u00e1n en torno a la Cumbre.<\/p>\n\n\n\n<p>Mientras que, el subsecretario de Turismo, Jorge Flores Lara, destac\u00f3 que la regi\u00f3n cuenta con un aproximado de 6 mil 500 habitaciones de hotel disponibles, adem\u00e1s de diversos atractivos tur\u00edsticos en municipios cercanos.<\/p>\n\n\n\n<p>Un factor clave para el crecimiento del turismo en la regi\u00f3n es la conectividad a\u00e9rea con la nueva ruta de American Airlines entre Tampico y Dallas, que facilitar\u00e1 el acceso de turistas extranjeros a la Cumbre, impulsando el turismo cultural y promoviendo el flujo de visitantes desde diferentes partes del mundo.<\/p>\n\n\n\n<p>Durante la reuni\u00f3n se resalt\u00f3 el trabajo conjunto entre el sector p\u00fablico y privado, fundamental para la consolidaci\u00f3n de la Ruta Cumbre Taj\u00edn, en colaboraci\u00f3n con la Asociaci\u00f3n de Hoteles y Moteles del norte de Veracruz, agencias de viaje y otros actores clave.<\/p>\n\n\n\n<p>Asiste a Cumbre Taj\u00edn 2025 en Papantla a vivir una experiencia llena de tradici\u00f3n, cultura y misticismo. Para m\u00e1s informaci\u00f3n, consulta las redes sociales de la @SECVERoficial.<\/p>\n\n\n\n<p>&#8212;000&#8212;<\/p>\n","protected":false},"excerpt":{"rendered":"<p>*Veracruz se fortalece con el turismo cultural.*M\u00e1s de 6 mil 500 habitaciones disponibles en la regi\u00f3n. Tampico, Tamps., mi\u00e9rcoles 12 de marzo de 2025.- La Secretar\u00eda de Cultura de Veracruz (SECVER), present\u00f3 la amplia oferta de actividades de la gran Ruta Taj\u00edn y el programa art\u00edstico y cultural del festival Cumbre Taj\u00edn, iniciativas que muestran&#8230;<\/p>\n","protected":false},"author":2,"featured_media":5472,"comment_status":"closed","ping_status":"closed","sticky":false,"template":"","format":"standard","meta":{"_jetpack_memberships_contains_paid_content":false,"footnotes":"","jetpack_publicize_message":"","jetpack_publicize_feature_enabled":true,"jetpack_social_post_already_shared":true,"jetpack_social_options":{"image_generator_settings":{"template":"highway","default_image_id":0,"font":"","enabled":false},"version":2}},"categories":[2],"tags":[],"class_list":["post-5471","post","type-post","status-publish","format-standard","has-post-thumbnail","hentry","category-gobiernoestatal"],"jetpack_publicize_connections":[],"jetpack_featured_media_url":"https:\/\/veracruzanosexcepcionahles.com\/wp-content\/uploads\/2025\/03\/WhatsApp-Image-2025-03-12-at-2.26.11-PM-scaled.jpeg","jetpack_sharing_enabled":true,"jetpack_likes_enabled":true,"jetpack_shortlink":"https:\/\/wp.me\/pe8dhK-1qf","_links":{"self":[{"href":"https:\/\/veracruzanosexcepcionahles.com\/index.php\/wp-json\/wp\/v2\/posts\/5471","targetHints":{"allow":["GET"]}}],"collection":[{"href":"https:\/\/veracruzanosexcepcionahles.com\/index.php\/wp-json\/wp\/v2\/posts"}],"about":[{"href":"https:\/\/veracruzanosexcepcionahles.com\/index.php\/wp-json\/wp\/v2\/types\/post"}],"author":[{"embeddable":true,"href":"https:\/\/veracruzanosexcepcionahles.com\/index.php\/wp-json\/wp\/v2\/users\/2"}],"replies":[{"embeddable":true,"href":"https:\/\/veracruzanosexcepcionahles.com\/index.php\/wp-json\/wp\/v2\/comments?post=5471"}],"version-history":[{"count":1,"href":"https:\/\/veracruzanosexcepcionahles.com\/index.php\/wp-json\/wp\/v2\/posts\/5471\/revisions"}],"predecessor-version":[{"id":5473,"href":"https:\/\/veracruzanosexcepcionahles.com\/index.php\/wp-json\/wp\/v2\/posts\/5471\/revisions\/5473"}],"wp:featuredmedia":[{"embeddable":true,"href":"https:\/\/veracruzanosexcepcionahles.com\/index.php\/wp-json\/wp\/v2\/media\/5472"}],"wp:attachment":[{"href":"https:\/\/veracruzanosexcepcionahles.com\/index.php\/wp-json\/wp\/v2\/media?parent=5471"}],"wp:term":[{"taxonomy":"category","embeddable":true,"href":"https:\/\/veracruzanosexcepcionahles.com\/index.php\/wp-json\/wp\/v2\/categories?post=5471"},{"taxonomy":"post_tag","embeddable":true,"href":"https:\/\/veracruzanosexcepcionahles.com\/index.php\/wp-json\/wp\/v2\/tags?post=5471"}],"curies":[{"name":"wp","href":"https:\/\/api.w.org\/{rel}","templated":true}]}}