{"id":5462,"date":"2025-03-12T13:08:28","date_gmt":"2025-03-12T19:08:28","guid":{"rendered":"https:\/\/veracruzanosexcepcionahles.com\/?p=5462"},"modified":"2025-03-12T13:08:30","modified_gmt":"2025-03-12T19:08:30","slug":"modernizaran-area-de-hospitalizacion-en-el-instituto-veracruzano-de-salud-mental","status":"publish","type":"post","link":"https:\/\/veracruzanosexcepcionahles.com\/index.php\/2025\/03\/12\/modernizaran-area-de-hospitalizacion-en-el-instituto-veracruzano-de-salud-mental\/","title":{"rendered":"Modernizar\u00e1n \u00e1rea de hospitalizaci\u00f3n en el Instituto Veracruzano de Salud Mental"},"content":{"rendered":"\n<p>*Mejorar las unidades m\u00e9dicas de Veracruz, uno de los compromisos de la administraci\u00f3n.<\/p>\n\n\n\n<p>Xalapa, Ver., mi\u00e9rcoles 12 de marzo de 2025.- El Gobierno del Estado, a trav\u00e9s de la Secretar\u00eda de Salud, realizar\u00e1 mejoras en el \u00e1rea de hospitalizaci\u00f3n del Instituto Veracruzano de Salud Mental Doctor Rafael Velasco Fern\u00e1ndez, a fin de optimizar su funcionamiento para brindar atenci\u00f3n de calidad a los pacientes.<\/p>\n\n\n\n<p>El titular de la dependencia, Valent\u00edn Herrera Alarc\u00f3n, subray\u00f3 la decisi\u00f3n de la gobernadora Roc\u00edo Nahle Garc\u00eda, de renovar las instalaciones de las unidades m\u00e9dicas del estado y de los servicios que ofrecen a la ciudadan\u00eda.<\/p>\n\n\n\n<p>El tambi\u00e9n director general de los Servicios de Salud de Veracruz realiz\u00f3 una inspecci\u00f3n del inmueble, para valorar su funcionamiento y ordenar las mejoras necesarias que permitan eficientar su atenci\u00f3n especializada.<\/p>\n\n\n\n<p>Durante el recorrido, reconoci\u00f3 al personal m\u00e9dico, de enfermer\u00eda y psicolog\u00eda, que trabajan en esta unidad de especialidad, por la importante labor que realizan para otorgar servicios de calidad, particularmente en el tratamiento de enfermedades mentales y problemas relacionados con el consumo de sustancias.<\/p>\n\n\n\n<p>El edificio cuenta con las condiciones adecuadas de estad\u00eda para hombres y mujeres, quienes est\u00e1n distribuidos de manera equitativa, con 30 camas para cada g\u00e9nero, a trav\u00e9s del equipo multidisciplinario reciben la atenci\u00f3n m\u00e9dica para cada paciente que acude en busca de ayuda especializada.<\/p>\n\n\n\n<p>Herrera Alarc\u00f3n destac\u00f3 la necesidad de mejorar el \u00e1rea de hospitalizaci\u00f3n para facilitar el traslado de pacientes a otras unidades, reafirmando el compromiso con el respeto a los derechos humanos como el de la salud para todas y todos.<\/p>\n\n\n\n<p>Enfatiz\u00f3 la importancia del bienestar de las y los pacientes que se encuentran hospitalizados en este centro, reafirmando el compromiso de la Secretar\u00eda con la calidad en los servicios ofrecidos.<\/p>\n\n\n\n<p>&#8212;000&#8212;<\/p>\n","protected":false},"excerpt":{"rendered":"<p>*Mejorar las unidades m\u00e9dicas de Veracruz, uno de los compromisos de la administraci\u00f3n. Xalapa, Ver., mi\u00e9rcoles 12 de marzo de 2025.- El Gobierno del Estado, a trav\u00e9s de la Secretar\u00eda de Salud, realizar\u00e1 mejoras en el \u00e1rea de hospitalizaci\u00f3n del Instituto Veracruzano de Salud Mental Doctor Rafael Velasco Fern\u00e1ndez, a fin de optimizar su funcionamiento&#8230;<\/p>\n","protected":false},"author":2,"featured_media":5463,"comment_status":"closed","ping_status":"closed","sticky":false,"template":"","format":"standard","meta":{"_jetpack_memberships_contains_paid_content":false,"footnotes":"","jetpack_publicize_message":"","jetpack_publicize_feature_enabled":true,"jetpack_social_post_already_shared":true,"jetpack_social_options":{"image_generator_settings":{"template":"highway","default_image_id":0,"font":"","enabled":false},"version":2}},"categories":[2],"tags":[],"class_list":["post-5462","post","type-post","status-publish","format-standard","has-post-thumbnail","hentry","category-gobiernoestatal"],"jetpack_publicize_connections":[],"jetpack_featured_media_url":"https:\/\/veracruzanosexcepcionahles.com\/wp-content\/uploads\/2025\/03\/WhatsApp-Image-2025-03-12-at-11.41.04-AM.jpeg","jetpack_sharing_enabled":true,"jetpack_likes_enabled":true,"jetpack_shortlink":"https:\/\/wp.me\/pe8dhK-1q6","_links":{"self":[{"href":"https:\/\/veracruzanosexcepcionahles.com\/index.php\/wp-json\/wp\/v2\/posts\/5462","targetHints":{"allow":["GET"]}}],"collection":[{"href":"https:\/\/veracruzanosexcepcionahles.com\/index.php\/wp-json\/wp\/v2\/posts"}],"about":[{"href":"https:\/\/veracruzanosexcepcionahles.com\/index.php\/wp-json\/wp\/v2\/types\/post"}],"author":[{"embeddable":true,"href":"https:\/\/veracruzanosexcepcionahles.com\/index.php\/wp-json\/wp\/v2\/users\/2"}],"replies":[{"embeddable":true,"href":"https:\/\/veracruzanosexcepcionahles.com\/index.php\/wp-json\/wp\/v2\/comments?post=5462"}],"version-history":[{"count":1,"href":"https:\/\/veracruzanosexcepcionahles.com\/index.php\/wp-json\/wp\/v2\/posts\/5462\/revisions"}],"predecessor-version":[{"id":5464,"href":"https:\/\/veracruzanosexcepcionahles.com\/index.php\/wp-json\/wp\/v2\/posts\/5462\/revisions\/5464"}],"wp:featuredmedia":[{"embeddable":true,"href":"https:\/\/veracruzanosexcepcionahles.com\/index.php\/wp-json\/wp\/v2\/media\/5463"}],"wp:attachment":[{"href":"https:\/\/veracruzanosexcepcionahles.com\/index.php\/wp-json\/wp\/v2\/media?parent=5462"}],"wp:term":[{"taxonomy":"category","embeddable":true,"href":"https:\/\/veracruzanosexcepcionahles.com\/index.php\/wp-json\/wp\/v2\/categories?post=5462"},{"taxonomy":"post_tag","embeddable":true,"href":"https:\/\/veracruzanosexcepcionahles.com\/index.php\/wp-json\/wp\/v2\/tags?post=5462"}],"curies":[{"name":"wp","href":"https:\/\/api.w.org\/{rel}","templated":true}]}}