{"id":5456,"date":"2025-03-10T14:45:15","date_gmt":"2025-03-10T20:45:15","guid":{"rendered":"https:\/\/veracruzanosexcepcionahles.com\/?p=5456"},"modified":"2025-03-10T14:45:16","modified_gmt":"2025-03-10T20:45:16","slug":"rocio-nahle-anuncia-campana-de-vacunacion-contra-la-tosferina-en-veracruz","status":"publish","type":"post","link":"https:\/\/veracruzanosexcepcionahles.com\/index.php\/2025\/03\/10\/rocio-nahle-anuncia-campana-de-vacunacion-contra-la-tosferina-en-veracruz\/","title":{"rendered":"Roc\u00edo Nahle anuncia campa\u00f1a de vacunaci\u00f3n contra la tosferina en Veracruz"},"content":{"rendered":"\n<p>*Garantiz\u00f3 el abasto de medicamentos y antibi\u00f3ticos.<\/p>\n\n\n\n<p>Xalapa, Ver., lunes 10 de marzo de 2025.- La gobernadora de Veracruz, Roc\u00edo Nahle Garc\u00eda, anunci\u00f3 este lunes el inicio de una campa\u00f1a intensiva de vacunaci\u00f3n contra la tosferina en coordinaci\u00f3n con la Secretar\u00eda de Salud.<\/p>\n\n\n\n<p>Durante conferencia de prensa, exhort\u00f3 a padres y madres de familia a llevar a sus hijos a los centros de Salud para recibir la vacuna correspondiente.<\/p>\n\n\n\n<p>La Gobernadora asegur\u00f3 que el Estado cuenta con suficientes vacunas y medicamentos para atender posibles casos, adem\u00e1s, destac\u00f3 la importancia de no esperar y actuar de manera preventiva.<\/p>\n\n\n\n<p>La tosferina, tambi\u00e9n conocida como pertussis, es una enfermedad respiratoria altamente contagiosa que afecta principalmente a ni\u00f1os y puede ser mortal en lactantes.<\/p>\n\n\n\n<p>Los s\u00edntomas iniciales incluyen moqueo, congesti\u00f3n nasal, ojos rojos, fiebre y tos violenta que puede durar semanas y la vacunaci\u00f3n es la medida m\u00e1s efectiva para prevenir esta enfermedad.<\/p>\n\n\n\n<p>&#8212;000&#8212;<\/p>\n","protected":false},"excerpt":{"rendered":"<p>*Garantiz\u00f3 el abasto de medicamentos y antibi\u00f3ticos. Xalapa, Ver., lunes 10 de marzo de 2025.- La gobernadora de Veracruz, Roc\u00edo Nahle Garc\u00eda, anunci\u00f3 este lunes el inicio de una campa\u00f1a intensiva de vacunaci\u00f3n contra la tosferina en coordinaci\u00f3n con la Secretar\u00eda de Salud. Durante conferencia de prensa, exhort\u00f3 a padres y madres de familia a&#8230;<\/p>\n","protected":false},"author":2,"featured_media":5457,"comment_status":"closed","ping_status":"closed","sticky":false,"template":"","format":"standard","meta":{"_jetpack_memberships_contains_paid_content":false,"footnotes":"","jetpack_publicize_message":"","jetpack_publicize_feature_enabled":true,"jetpack_social_post_already_shared":true,"jetpack_social_options":{"image_generator_settings":{"template":"highway","default_image_id":0,"font":"","enabled":false},"version":2}},"categories":[23],"tags":[],"class_list":["post-5456","post","type-post","status-publish","format-standard","has-post-thumbnail","hentry","category-actividadesnahle"],"jetpack_publicize_connections":[],"jetpack_featured_media_url":"https:\/\/veracruzanosexcepcionahles.com\/wp-content\/uploads\/2025\/03\/WhatsApp-Image-2025-03-10-at-1.32.58-PM-scaled.jpeg","jetpack_sharing_enabled":true,"jetpack_likes_enabled":true,"jetpack_shortlink":"https:\/\/wp.me\/pe8dhK-1q0","_links":{"self":[{"href":"https:\/\/veracruzanosexcepcionahles.com\/index.php\/wp-json\/wp\/v2\/posts\/5456","targetHints":{"allow":["GET"]}}],"collection":[{"href":"https:\/\/veracruzanosexcepcionahles.com\/index.php\/wp-json\/wp\/v2\/posts"}],"about":[{"href":"https:\/\/veracruzanosexcepcionahles.com\/index.php\/wp-json\/wp\/v2\/types\/post"}],"author":[{"embeddable":true,"href":"https:\/\/veracruzanosexcepcionahles.com\/index.php\/wp-json\/wp\/v2\/users\/2"}],"replies":[{"embeddable":true,"href":"https:\/\/veracruzanosexcepcionahles.com\/index.php\/wp-json\/wp\/v2\/comments?post=5456"}],"version-history":[{"count":1,"href":"https:\/\/veracruzanosexcepcionahles.com\/index.php\/wp-json\/wp\/v2\/posts\/5456\/revisions"}],"predecessor-version":[{"id":5458,"href":"https:\/\/veracruzanosexcepcionahles.com\/index.php\/wp-json\/wp\/v2\/posts\/5456\/revisions\/5458"}],"wp:featuredmedia":[{"embeddable":true,"href":"https:\/\/veracruzanosexcepcionahles.com\/index.php\/wp-json\/wp\/v2\/media\/5457"}],"wp:attachment":[{"href":"https:\/\/veracruzanosexcepcionahles.com\/index.php\/wp-json\/wp\/v2\/media?parent=5456"}],"wp:term":[{"taxonomy":"category","embeddable":true,"href":"https:\/\/veracruzanosexcepcionahles.com\/index.php\/wp-json\/wp\/v2\/categories?post=5456"},{"taxonomy":"post_tag","embeddable":true,"href":"https:\/\/veracruzanosexcepcionahles.com\/index.php\/wp-json\/wp\/v2\/tags?post=5456"}],"curies":[{"name":"wp","href":"https:\/\/api.w.org\/{rel}","templated":true}]}}