{"id":5453,"date":"2025-03-10T14:43:24","date_gmt":"2025-03-10T20:43:24","guid":{"rendered":"https:\/\/veracruzanosexcepcionahles.com\/?p=5453"},"modified":"2025-03-10T14:43:25","modified_gmt":"2025-03-10T20:43:25","slug":"identifican-a-presuntos-responsables-de-ataques-con-perfumes-en-papantla","status":"publish","type":"post","link":"https:\/\/veracruzanosexcepcionahles.com\/index.php\/2025\/03\/10\/identifican-a-presuntos-responsables-de-ataques-con-perfumes-en-papantla\/","title":{"rendered":"Identifican a presuntos responsables de ataques con perfumes en Papantla"},"content":{"rendered":"\n<p>*Confirma investigaci\u00f3n sobre incidentes.<\/p>\n\n\n\n<p>Xalapa, Ver., lunes 10 de marzo de 2025.- La gobernadora Roc\u00edo Nahle Garc\u00eda, inform\u00f3 en conferencia de prensa que la Fiscal\u00eda General del Estado investiga los incidentes en Papantla relacionados con la manipulaci\u00f3n de perfumes en aerosol, que han provocado lesiones a ciudadanos de la regi\u00f3n.<\/p>\n\n\n\n<p>Durante la sesi\u00f3n de preguntas y respuestas, confirm\u00f3 que las autoridades ya tienen identificadas a las personas involucradas, aunque hasta el momento no se ha reportado ninguna detenci\u00f3n.<\/p>\n\n\n\n<p>&#8220;Hoy en la ma\u00f1ana me pasaron el reporte de lo de Papantla, se tienen identificadas a las personas y a la persona que recibi\u00f3 el producto. Est\u00e1 trabajando la Fiscal\u00eda&#8221;, declar\u00f3.<\/p>\n\n\n\n<p>Cuestionada si se trataban de hechos delictivos o de conflictos personales, se\u00f1al\u00f3 que algunas conductas antisociales pueden estar relacionadas con el entorno de los j\u00f3venes y el consumo de sustancias, sin que ello justifique la violencia.<\/p>\n\n\n\n<p>En cuanto a la posible relaci\u00f3n entre estos incidentes y un caso similar ocurrido en Coatzacoalcos, aclar\u00f3 que hasta el momento no se tiene confirmaci\u00f3n de que ambos eventos est\u00e9n vinculados.<\/p>\n\n\n\n<p>&#8220;Los dos casos de Papantla s\u00ed est\u00e1n relacionados, pero el de Coatzacoalcos no lo tengo reportado&#8221;, explic\u00f3.<\/p>\n","protected":false},"excerpt":{"rendered":"<p>*Confirma investigaci\u00f3n sobre incidentes. Xalapa, Ver., lunes 10 de marzo de 2025.- La gobernadora Roc\u00edo Nahle Garc\u00eda, inform\u00f3 en conferencia de prensa que la Fiscal\u00eda General del Estado investiga los incidentes en Papantla relacionados con la manipulaci\u00f3n de perfumes en aerosol, que han provocado lesiones a ciudadanos de la regi\u00f3n. Durante la sesi\u00f3n de preguntas&#8230;<\/p>\n","protected":false},"author":2,"featured_media":5454,"comment_status":"closed","ping_status":"closed","sticky":false,"template":"","format":"standard","meta":{"_jetpack_memberships_contains_paid_content":false,"footnotes":"","jetpack_publicize_message":"","jetpack_publicize_feature_enabled":true,"jetpack_social_post_already_shared":true,"jetpack_social_options":{"image_generator_settings":{"template":"highway","default_image_id":0,"font":"","enabled":false},"version":2}},"categories":[23],"tags":[],"class_list":["post-5453","post","type-post","status-publish","format-standard","has-post-thumbnail","hentry","category-actividadesnahle"],"jetpack_publicize_connections":[],"jetpack_featured_media_url":"https:\/\/veracruzanosexcepcionahles.com\/wp-content\/uploads\/2025\/03\/WhatsApp-Image-2025-03-10-at-1.35.54-PM-scaled.jpeg","jetpack_sharing_enabled":true,"jetpack_likes_enabled":true,"jetpack_shortlink":"https:\/\/wp.me\/pe8dhK-1pX","_links":{"self":[{"href":"https:\/\/veracruzanosexcepcionahles.com\/index.php\/wp-json\/wp\/v2\/posts\/5453","targetHints":{"allow":["GET"]}}],"collection":[{"href":"https:\/\/veracruzanosexcepcionahles.com\/index.php\/wp-json\/wp\/v2\/posts"}],"about":[{"href":"https:\/\/veracruzanosexcepcionahles.com\/index.php\/wp-json\/wp\/v2\/types\/post"}],"author":[{"embeddable":true,"href":"https:\/\/veracruzanosexcepcionahles.com\/index.php\/wp-json\/wp\/v2\/users\/2"}],"replies":[{"embeddable":true,"href":"https:\/\/veracruzanosexcepcionahles.com\/index.php\/wp-json\/wp\/v2\/comments?post=5453"}],"version-history":[{"count":1,"href":"https:\/\/veracruzanosexcepcionahles.com\/index.php\/wp-json\/wp\/v2\/posts\/5453\/revisions"}],"predecessor-version":[{"id":5455,"href":"https:\/\/veracruzanosexcepcionahles.com\/index.php\/wp-json\/wp\/v2\/posts\/5453\/revisions\/5455"}],"wp:featuredmedia":[{"embeddable":true,"href":"https:\/\/veracruzanosexcepcionahles.com\/index.php\/wp-json\/wp\/v2\/media\/5454"}],"wp:attachment":[{"href":"https:\/\/veracruzanosexcepcionahles.com\/index.php\/wp-json\/wp\/v2\/media?parent=5453"}],"wp:term":[{"taxonomy":"category","embeddable":true,"href":"https:\/\/veracruzanosexcepcionahles.com\/index.php\/wp-json\/wp\/v2\/categories?post=5453"},{"taxonomy":"post_tag","embeddable":true,"href":"https:\/\/veracruzanosexcepcionahles.com\/index.php\/wp-json\/wp\/v2\/tags?post=5453"}],"curies":[{"name":"wp","href":"https:\/\/api.w.org\/{rel}","templated":true}]}}