{"id":5450,"date":"2025-03-10T14:40:42","date_gmt":"2025-03-10T20:40:42","guid":{"rendered":"https:\/\/veracruzanosexcepcionahles.com\/?p=5450"},"modified":"2025-03-10T14:40:43","modified_gmt":"2025-03-10T20:40:43","slug":"gobierno-del-estado-y-sedatu-regularizaran-escuelas-rocio-nahle","status":"publish","type":"post","link":"https:\/\/veracruzanosexcepcionahles.com\/index.php\/2025\/03\/10\/gobierno-del-estado-y-sedatu-regularizaran-escuelas-rocio-nahle\/","title":{"rendered":"Gobierno del Estado y Sedatu regularizar\u00e1n escuelas: Roc\u00edo Nahle"},"content":{"rendered":"\n<p>*Con documentos, podr\u00e1n acceder al programa La Escuela es Nuestra y otros beneficios.<\/p>\n\n\n\n<p>Xalapa, Ver., lunes 10 de marzo de 2025.- Con el apoyo de la Secretar\u00eda de Desarrollo Agrario, Territorial y Urbano (Sedatu), el Gobierno del Estado iniciar\u00e1 la regularizaci\u00f3n de escuelas p\u00fablicas que carezcan de escrituras para abatir el rezago en esta materia, anunci\u00f3 la gobernadora Roc\u00edo Nahle Garc\u00eda.<\/p>\n\n\n\n<p>Lo anterior contribuir\u00e1 a que los planteles accedan a programas con presupuesto federal, como el de La Escuela es Nuestra, entre otros beneficios, a los que no han podido acceder algunos con m\u00e1s de 30 a\u00f1os de antig\u00fcedad.<\/p>\n\n\n\n<p>En conferencia de prensa, dio a conocer que la titular de la dependencia, Edna Elena Vega Rangel, visitar\u00e1 la entidad luego de que la presidenta Claudia Sheinbaum Pardo ponga en marcha a nivel nacional el programa de ordenamiento de predios.<\/p>\n\n\n\n<p>\u201cEsta semana iba a venir la secretaria Edna de Sedatu, ayer habl\u00e9 con ella en M\u00e9xico. Est\u00e1 recorriendo por una indicaci\u00f3n de la Presidenta, que va a hacer un anuncio nacional\u201d.<\/p>\n\n\n\n<p>La Mandataria abund\u00f3 que este tema para dotar de escrituras se ha analizado en conjunto con la Secretar\u00eda de Gobierno y record\u00f3 que en el Congreso del Estado se est\u00e1 avanzado en conjunto con la Comisi\u00f3n para la Atenci\u00f3n y Seguimiento de la Regularizaci\u00f3n y Situaci\u00f3n Jur\u00eddica de los Predios Escolares.<\/p>\n\n\n\n<p>&#8212;000&#8212;<\/p>\n","protected":false},"excerpt":{"rendered":"<p>*Con documentos, podr\u00e1n acceder al programa La Escuela es Nuestra y otros beneficios. Xalapa, Ver., lunes 10 de marzo de 2025.- Con el apoyo de la Secretar\u00eda de Desarrollo Agrario, Territorial y Urbano (Sedatu), el Gobierno del Estado iniciar\u00e1 la regularizaci\u00f3n de escuelas p\u00fablicas que carezcan de escrituras para abatir el rezago en esta materia,&#8230;<\/p>\n","protected":false},"author":2,"featured_media":5451,"comment_status":"closed","ping_status":"closed","sticky":false,"template":"","format":"standard","meta":{"_jetpack_memberships_contains_paid_content":false,"footnotes":"","jetpack_publicize_message":"","jetpack_publicize_feature_enabled":true,"jetpack_social_post_already_shared":true,"jetpack_social_options":{"image_generator_settings":{"template":"highway","default_image_id":0,"font":"","enabled":false},"version":2}},"categories":[23],"tags":[],"class_list":["post-5450","post","type-post","status-publish","format-standard","has-post-thumbnail","hentry","category-actividadesnahle"],"jetpack_publicize_connections":[],"jetpack_featured_media_url":"https:\/\/veracruzanosexcepcionahles.com\/wp-content\/uploads\/2025\/03\/WhatsApp-Image-2025-03-10-at-1.37.49-PM-scaled.jpeg","jetpack_sharing_enabled":true,"jetpack_likes_enabled":true,"jetpack_shortlink":"https:\/\/wp.me\/pe8dhK-1pU","_links":{"self":[{"href":"https:\/\/veracruzanosexcepcionahles.com\/index.php\/wp-json\/wp\/v2\/posts\/5450","targetHints":{"allow":["GET"]}}],"collection":[{"href":"https:\/\/veracruzanosexcepcionahles.com\/index.php\/wp-json\/wp\/v2\/posts"}],"about":[{"href":"https:\/\/veracruzanosexcepcionahles.com\/index.php\/wp-json\/wp\/v2\/types\/post"}],"author":[{"embeddable":true,"href":"https:\/\/veracruzanosexcepcionahles.com\/index.php\/wp-json\/wp\/v2\/users\/2"}],"replies":[{"embeddable":true,"href":"https:\/\/veracruzanosexcepcionahles.com\/index.php\/wp-json\/wp\/v2\/comments?post=5450"}],"version-history":[{"count":1,"href":"https:\/\/veracruzanosexcepcionahles.com\/index.php\/wp-json\/wp\/v2\/posts\/5450\/revisions"}],"predecessor-version":[{"id":5452,"href":"https:\/\/veracruzanosexcepcionahles.com\/index.php\/wp-json\/wp\/v2\/posts\/5450\/revisions\/5452"}],"wp:featuredmedia":[{"embeddable":true,"href":"https:\/\/veracruzanosexcepcionahles.com\/index.php\/wp-json\/wp\/v2\/media\/5451"}],"wp:attachment":[{"href":"https:\/\/veracruzanosexcepcionahles.com\/index.php\/wp-json\/wp\/v2\/media?parent=5450"}],"wp:term":[{"taxonomy":"category","embeddable":true,"href":"https:\/\/veracruzanosexcepcionahles.com\/index.php\/wp-json\/wp\/v2\/categories?post=5450"},{"taxonomy":"post_tag","embeddable":true,"href":"https:\/\/veracruzanosexcepcionahles.com\/index.php\/wp-json\/wp\/v2\/tags?post=5450"}],"curies":[{"name":"wp","href":"https:\/\/api.w.org\/{rel}","templated":true}]}}