{"id":5444,"date":"2025-03-10T14:33:58","date_gmt":"2025-03-10T20:33:58","guid":{"rendered":"https:\/\/veracruzanosexcepcionahles.com\/?p=5444"},"modified":"2025-03-10T14:34:00","modified_gmt":"2025-03-10T20:34:00","slug":"5444","status":"publish","type":"post","link":"https:\/\/veracruzanosexcepcionahles.com\/index.php\/2025\/03\/10\/5444\/","title":{"rendered":""},"content":{"rendered":"\n<p>*Permitir\u00e1 un crecimiento econ\u00f3mico basado en el humanismo.<\/p>\n\n\n\n<p>Xalapa, Ver., lunes 10 de marzo de 2025.- La gobernadora Roc\u00edo Nahle Garc\u00eda reiter\u00f3 su respaldo a los cinco ejes para fortalecer la econom\u00eda mexicana, presentados por la presidenta Claudia Sheinbaum durante la asamblea informativa en el Z\u00f3calo de la Ciudad de M\u00e9xico.<\/p>\n\n\n\n<p>Afirm\u00f3 que su administraci\u00f3n trabajar\u00e1 en coordinaci\u00f3n con el gobierno federal para aplicar estas medidas en Veracruz, con base en el humanismo mexicano. \u201cM\u00e9xico cuenta con una gran presidenta, y Veracruz se beneficiar\u00e1 de estas acciones para seguir avanzando en su desarrollo econ\u00f3mico y social\u201d.<\/p>\n\n\n\n<p>\u2060Aumentar el salario m\u00ednimo y bienestar para reforzar el mercado interno.<\/p>\n\n\n\n<p>Ampliar la autosuficiencia en alimentos b\u00e1sicos y energ\u00e9ticos, para ello el gobierno estatal ha implementado nuevas tecnolog\u00edas para incrementar la producci\u00f3n de ma\u00edz en Isla, con la meta de alcanzar 5 mil hect\u00e1reas sembradas en agosto y 10 mil en el futuro.<\/p>\n\n\n\n<p>En el sector energ\u00e9tico, la recuperaci\u00f3n de las refiner\u00edas, la construcci\u00f3n de Dos Bocas y la compra de Deer Park han garantizado la autosuficiencia en combustibles, reduciendo la dependencia del exterior.<\/p>\n\n\n\n<p>Promover la inversi\u00f3n p\u00fablica para crear nuevos empleos: complementando la inversi\u00f3n privada. Los estados, incluido Veracruz, trabajan en proyectos estrat\u00e9gicos para atraer inversiones y fortalecer la generaci\u00f3n de empleo.<\/p>\n\n\n\n<p>Impulsar la producci\u00f3n nacional con el Plan M\u00e9xico: para consolidar la manufactura nacional y aprovechar el fen\u00f3meno del nearshoring, promoviendo la instalaci\u00f3n de empresas en el pa\u00eds para fortalecer el comercio con Estados Unidos y otros mercados internacionales.<\/p>\n\n\n\n<p>Consolidar Programas para el Bienestar: En 2025, Veracruz ser\u00e1 incluido en el nuevo programa Apoyarte, destinado a mujeres ind\u00edgenas y afromexicanas, brindando becas y apoyos espec\u00edficos para su desarrollo econ\u00f3mico y social.<\/p>\n\n\n\n<p>&#8212;000&#8212;<\/p>\n","protected":false},"excerpt":{"rendered":"<p>*Permitir\u00e1 un crecimiento econ\u00f3mico basado en el humanismo. Xalapa, Ver., lunes 10 de marzo de 2025.- La gobernadora Roc\u00edo Nahle Garc\u00eda reiter\u00f3 su respaldo a los cinco ejes para fortalecer la econom\u00eda mexicana, presentados por la presidenta Claudia Sheinbaum durante la asamblea informativa en el Z\u00f3calo de la Ciudad de M\u00e9xico. Afirm\u00f3 que su administraci\u00f3n&#8230;<\/p>\n","protected":false},"author":2,"featured_media":5445,"comment_status":"closed","ping_status":"closed","sticky":false,"template":"","format":"standard","meta":{"_jetpack_memberships_contains_paid_content":false,"footnotes":"","jetpack_publicize_message":"","jetpack_publicize_feature_enabled":true,"jetpack_social_post_already_shared":true,"jetpack_social_options":{"image_generator_settings":{"template":"highway","default_image_id":0,"font":"","enabled":false},"version":2}},"categories":[23],"tags":[],"class_list":["post-5444","post","type-post","status-publish","format-standard","has-post-thumbnail","hentry","category-actividadesnahle"],"jetpack_publicize_connections":[],"jetpack_featured_media_url":"https:\/\/veracruzanosexcepcionahles.com\/wp-content\/uploads\/2025\/03\/WhatsApp-Image-2025-03-10-at-1.59.17-PM.jpeg","jetpack_sharing_enabled":true,"jetpack_likes_enabled":true,"jetpack_shortlink":"https:\/\/wp.me\/se8dhK-5444","_links":{"self":[{"href":"https:\/\/veracruzanosexcepcionahles.com\/index.php\/wp-json\/wp\/v2\/posts\/5444","targetHints":{"allow":["GET"]}}],"collection":[{"href":"https:\/\/veracruzanosexcepcionahles.com\/index.php\/wp-json\/wp\/v2\/posts"}],"about":[{"href":"https:\/\/veracruzanosexcepcionahles.com\/index.php\/wp-json\/wp\/v2\/types\/post"}],"author":[{"embeddable":true,"href":"https:\/\/veracruzanosexcepcionahles.com\/index.php\/wp-json\/wp\/v2\/users\/2"}],"replies":[{"embeddable":true,"href":"https:\/\/veracruzanosexcepcionahles.com\/index.php\/wp-json\/wp\/v2\/comments?post=5444"}],"version-history":[{"count":1,"href":"https:\/\/veracruzanosexcepcionahles.com\/index.php\/wp-json\/wp\/v2\/posts\/5444\/revisions"}],"predecessor-version":[{"id":5446,"href":"https:\/\/veracruzanosexcepcionahles.com\/index.php\/wp-json\/wp\/v2\/posts\/5444\/revisions\/5446"}],"wp:featuredmedia":[{"embeddable":true,"href":"https:\/\/veracruzanosexcepcionahles.com\/index.php\/wp-json\/wp\/v2\/media\/5445"}],"wp:attachment":[{"href":"https:\/\/veracruzanosexcepcionahles.com\/index.php\/wp-json\/wp\/v2\/media?parent=5444"}],"wp:term":[{"taxonomy":"category","embeddable":true,"href":"https:\/\/veracruzanosexcepcionahles.com\/index.php\/wp-json\/wp\/v2\/categories?post=5444"},{"taxonomy":"post_tag","embeddable":true,"href":"https:\/\/veracruzanosexcepcionahles.com\/index.php\/wp-json\/wp\/v2\/tags?post=5444"}],"curies":[{"name":"wp","href":"https:\/\/api.w.org\/{rel}","templated":true}]}}