{"id":5386,"date":"2025-03-03T14:05:27","date_gmt":"2025-03-03T20:05:27","guid":{"rendered":"https:\/\/veracruzanosexcepcionahles.com\/?p=5386"},"modified":"2025-03-03T14:05:28","modified_gmt":"2025-03-03T20:05:28","slug":"policias-y-docentes-accederan-a-vivienda-con-apoyo-estatal","status":"publish","type":"post","link":"https:\/\/veracruzanosexcepcionahles.com\/index.php\/2025\/03\/03\/policias-y-docentes-accederan-a-vivienda-con-apoyo-estatal\/","title":{"rendered":"Polic\u00edas y docentes acceder\u00e1n a vivienda con apoyo estatal"},"content":{"rendered":"\n<p>*Trabajar\u00e1 de la mano de la Comisi\u00f3n Nacional de Vivienda.<\/p>\n\n\n\n<p>Coatzacoalcos, Ver., lunes 03 de marzo de 2025.- Durante el arranque de la campa\u00f1a S\u00ed al Desarme, S\u00ed a la Paz, la gobernadora Roc\u00edo Nahle Garc\u00eda reiter\u00f3 que su administraci\u00f3n trabaja en un proyecto de vivienda para polic\u00edas y maestros con base estatal.<\/p>\n\n\n\n<p>Destac\u00f3 la importancia de apoyar a los cuerpos de seguridad, garantizando prestaciones que les permitan acceder a una mejor calidad de vida; por ello, desde el inicio de su gobierno anunci\u00f3 la creaci\u00f3n de zonas habitacionales para que cuenten con una casa propia.<\/p>\n\n\n\n<p>En el caso del magisterio, subray\u00f3 que las maestras y maestros tienen derecho a exigir mejoras laborales; como parte de esta estrategia, estableci\u00f3 el compromiso de beneficiar a quienes no cuentan con prestaciones habitacionales.<\/p>\n\n\n\n<p>Asegur\u00f3 que trabajar\u00e1 en coordinaci\u00f3n con la Comisi\u00f3n Nacional de Vivienda para que, a lo largo de los seis a\u00f1os, se avance en la construcci\u00f3n de hogares para estos sectores.<\/p>\n\n\n\n<p>Para la gesti\u00f3n de la gobernadora Roc\u00edo Nahle, la seguridad y la educaci\u00f3n son ejes fundamentales, por lo que continuar\u00e1 trabajando para garantizar mejores condiciones para quienes desempe\u00f1an estas labores en beneficio de la sociedad.<\/p>\n\n\n\n<p>&#8212;000&#8212;<\/p>\n","protected":false},"excerpt":{"rendered":"<p>*Trabajar\u00e1 de la mano de la Comisi\u00f3n Nacional de Vivienda. Coatzacoalcos, Ver., lunes 03 de marzo de 2025.- Durante el arranque de la campa\u00f1a S\u00ed al Desarme, S\u00ed a la Paz, la gobernadora Roc\u00edo Nahle Garc\u00eda reiter\u00f3 que su administraci\u00f3n trabaja en un proyecto de vivienda para polic\u00edas y maestros con base estatal. Destac\u00f3 la&#8230;<\/p>\n","protected":false},"author":2,"featured_media":5387,"comment_status":"closed","ping_status":"closed","sticky":false,"template":"","format":"standard","meta":{"_jetpack_memberships_contains_paid_content":false,"footnotes":"","jetpack_publicize_message":"","jetpack_publicize_feature_enabled":true,"jetpack_social_post_already_shared":true,"jetpack_social_options":{"image_generator_settings":{"template":"highway","default_image_id":0,"font":"","enabled":false},"version":2}},"categories":[23],"tags":[],"class_list":["post-5386","post","type-post","status-publish","format-standard","has-post-thumbnail","hentry","category-actividadesnahle"],"jetpack_publicize_connections":[],"jetpack_featured_media_url":"https:\/\/veracruzanosexcepcionahles.com\/wp-content\/uploads\/2025\/03\/WhatsApp-Image-2025-03-03-at-1.38.35-PM.jpeg","jetpack_sharing_enabled":true,"jetpack_likes_enabled":true,"jetpack_shortlink":"https:\/\/wp.me\/pe8dhK-1oS","_links":{"self":[{"href":"https:\/\/veracruzanosexcepcionahles.com\/index.php\/wp-json\/wp\/v2\/posts\/5386","targetHints":{"allow":["GET"]}}],"collection":[{"href":"https:\/\/veracruzanosexcepcionahles.com\/index.php\/wp-json\/wp\/v2\/posts"}],"about":[{"href":"https:\/\/veracruzanosexcepcionahles.com\/index.php\/wp-json\/wp\/v2\/types\/post"}],"author":[{"embeddable":true,"href":"https:\/\/veracruzanosexcepcionahles.com\/index.php\/wp-json\/wp\/v2\/users\/2"}],"replies":[{"embeddable":true,"href":"https:\/\/veracruzanosexcepcionahles.com\/index.php\/wp-json\/wp\/v2\/comments?post=5386"}],"version-history":[{"count":1,"href":"https:\/\/veracruzanosexcepcionahles.com\/index.php\/wp-json\/wp\/v2\/posts\/5386\/revisions"}],"predecessor-version":[{"id":5388,"href":"https:\/\/veracruzanosexcepcionahles.com\/index.php\/wp-json\/wp\/v2\/posts\/5386\/revisions\/5388"}],"wp:featuredmedia":[{"embeddable":true,"href":"https:\/\/veracruzanosexcepcionahles.com\/index.php\/wp-json\/wp\/v2\/media\/5387"}],"wp:attachment":[{"href":"https:\/\/veracruzanosexcepcionahles.com\/index.php\/wp-json\/wp\/v2\/media?parent=5386"}],"wp:term":[{"taxonomy":"category","embeddable":true,"href":"https:\/\/veracruzanosexcepcionahles.com\/index.php\/wp-json\/wp\/v2\/categories?post=5386"},{"taxonomy":"post_tag","embeddable":true,"href":"https:\/\/veracruzanosexcepcionahles.com\/index.php\/wp-json\/wp\/v2\/tags?post=5386"}],"curies":[{"name":"wp","href":"https:\/\/api.w.org\/{rel}","templated":true}]}}