{"id":5363,"date":"2025-02-28T17:28:12","date_gmt":"2025-02-28T23:28:12","guid":{"rendered":"https:\/\/veracruzanosexcepcionahles.com\/?p=5363"},"modified":"2025-02-28T17:28:13","modified_gmt":"2025-02-28T23:28:13","slug":"veracruz-reconoce-a-empresas-que-promueven-la-inclusion-laboral","status":"publish","type":"post","link":"https:\/\/veracruzanosexcepcionahles.com\/index.php\/2025\/02\/28\/veracruz-reconoce-a-empresas-que-promueven-la-inclusion-laboral\/","title":{"rendered":"Veracruz reconoce a empresas que promueven la inclusi\u00f3n laboral"},"content":{"rendered":"\n<p>Aborda los retos que enfrentan los grupos vulnerables.<\/p>\n\n\n\n<p>Xalapa, Ver., viernes 28 de febrero de 2025.- En el marco del D\u00eda Nacional por la Inclusi\u00f3n Laboral, la Secretar\u00eda de Trabajo, Previsi\u00f3n Social y Productividad reconoci\u00f3 a 15 empresas por promover y garantizar oportunidades laborales a la poblaci\u00f3n vulnerable.<\/p>\n\n\n\n<p>A trav\u00e9s del conversatorio Inclusi\u00f3n laboral: el camino hacia la igualdad de oportunidades, se abordaron los retos que enfrentan las personas con discapacidad, adultos mayores, v\u00edctimas de delitos o violaciones a derechos humanos, personas en contexto de movilidad, ind\u00edgenas, afrodescendientes y la comunidad LGBTIQ+.<\/p>\n\n\n\n<p>El panel estuvo conformado por Jessica Lim\u00f3n Guevara, del sector empresarial; Daniel Vela S\u00e1nchez, gubernamental; Mar\u00eda de los \u00c1ngeles Pe\u00f1a Hern\u00e1ndez, educativo; y Julio C\u00e9sar Ram\u00edrez Cisneros, civil.<\/p>\n\n\n\n<p>El titular de la dependencia, Luis Arturo Santiago Mart\u00ednez, enfatiz\u00f3 que la inclusi\u00f3n laboral es un derecho que el Gobierno de Veracruz hace efectivo, \u201cno es solo una pol\u00edtica p\u00fablica o una aspiraci\u00f3n; queremos una sociedad que abra puertas, no desperdicie talento y brinde oportunidades que transformen vidas&#8221;.<\/p>\n\n\n\n<p>El subsecretario de Gobierno, Juan Manuel Pozos Castro, destac\u00f3 la inclusi\u00f3n como herramienta clave en el desarrollo y bienestar, y reiter\u00f3 el compromiso de la gobernadora Roc\u00edo Nahle Garc\u00eda para generar oportunidades dignas y seguras.<\/p>\n\n\n\n<p>&#8212;000&#8212;<\/p>\n","protected":false},"excerpt":{"rendered":"<p>Aborda los retos que enfrentan los grupos vulnerables. Xalapa, Ver., viernes 28 de febrero de 2025.- En el marco del D\u00eda Nacional por la Inclusi\u00f3n Laboral, la Secretar\u00eda de Trabajo, Previsi\u00f3n Social y Productividad reconoci\u00f3 a 15 empresas por promover y garantizar oportunidades laborales a la poblaci\u00f3n vulnerable. A trav\u00e9s del conversatorio Inclusi\u00f3n laboral: el&#8230;<\/p>\n","protected":false},"author":2,"featured_media":5364,"comment_status":"closed","ping_status":"closed","sticky":false,"template":"","format":"standard","meta":{"_jetpack_memberships_contains_paid_content":false,"footnotes":"","jetpack_publicize_message":"","jetpack_publicize_feature_enabled":true,"jetpack_social_post_already_shared":true,"jetpack_social_options":{"image_generator_settings":{"template":"highway","default_image_id":0,"font":"","enabled":false},"version":2}},"categories":[2],"tags":[],"class_list":["post-5363","post","type-post","status-publish","format-standard","has-post-thumbnail","hentry","category-gobiernoestatal"],"jetpack_publicize_connections":[],"jetpack_featured_media_url":"https:\/\/veracruzanosexcepcionahles.com\/wp-content\/uploads\/2025\/02\/WhatsApp-Image-2025-02-28-at-5.26.48-PM.jpeg","jetpack_sharing_enabled":true,"jetpack_likes_enabled":true,"jetpack_shortlink":"https:\/\/wp.me\/pe8dhK-1ov","_links":{"self":[{"href":"https:\/\/veracruzanosexcepcionahles.com\/index.php\/wp-json\/wp\/v2\/posts\/5363","targetHints":{"allow":["GET"]}}],"collection":[{"href":"https:\/\/veracruzanosexcepcionahles.com\/index.php\/wp-json\/wp\/v2\/posts"}],"about":[{"href":"https:\/\/veracruzanosexcepcionahles.com\/index.php\/wp-json\/wp\/v2\/types\/post"}],"author":[{"embeddable":true,"href":"https:\/\/veracruzanosexcepcionahles.com\/index.php\/wp-json\/wp\/v2\/users\/2"}],"replies":[{"embeddable":true,"href":"https:\/\/veracruzanosexcepcionahles.com\/index.php\/wp-json\/wp\/v2\/comments?post=5363"}],"version-history":[{"count":1,"href":"https:\/\/veracruzanosexcepcionahles.com\/index.php\/wp-json\/wp\/v2\/posts\/5363\/revisions"}],"predecessor-version":[{"id":5365,"href":"https:\/\/veracruzanosexcepcionahles.com\/index.php\/wp-json\/wp\/v2\/posts\/5363\/revisions\/5365"}],"wp:featuredmedia":[{"embeddable":true,"href":"https:\/\/veracruzanosexcepcionahles.com\/index.php\/wp-json\/wp\/v2\/media\/5364"}],"wp:attachment":[{"href":"https:\/\/veracruzanosexcepcionahles.com\/index.php\/wp-json\/wp\/v2\/media?parent=5363"}],"wp:term":[{"taxonomy":"category","embeddable":true,"href":"https:\/\/veracruzanosexcepcionahles.com\/index.php\/wp-json\/wp\/v2\/categories?post=5363"},{"taxonomy":"post_tag","embeddable":true,"href":"https:\/\/veracruzanosexcepcionahles.com\/index.php\/wp-json\/wp\/v2\/tags?post=5363"}],"curies":[{"name":"wp","href":"https:\/\/api.w.org\/{rel}","templated":true}]}}