{"id":5339,"date":"2025-02-27T00:04:41","date_gmt":"2025-02-27T06:04:41","guid":{"rendered":"https:\/\/veracruzanosexcepcionahles.com\/?p=5339"},"modified":"2025-02-27T00:04:43","modified_gmt":"2025-02-27T06:04:43","slug":"5339","status":"publish","type":"post","link":"https:\/\/veracruzanosexcepcionahles.com\/index.php\/2025\/02\/27\/5339\/","title":{"rendered":""},"content":{"rendered":"\n<p><a><\/a>Comunicado: <strong>0572<\/strong><\/p>\n\n\n\n<p><strong>Con apoyo de la Federaci\u00f3n, se invertir\u00e1 en infraestructura, conectividad y seguridad vial en Veracruz&nbsp;<\/strong><\/p>\n\n\n\n<p>&gt;Distribuidor vial del Puerto inicia en abril.&nbsp;<\/p>\n\n\n\n<p>&gt;Con Bachet\u00f3n, avanza la rehabilitaci\u00f3n de v\u00edas federales.<\/p>\n\n\n\n<p><strong>Xalapa, Ver., mi\u00e9rcoles 26 de febrero de 2025.- <\/strong>La gobernadora Roc\u00edo Nahle Garc\u00eda agradeci\u00f3 a la presidenta Claudia Sheinbaum Pardo por incluir a Veracruz en el Programa Nacional de Infraestructura Carretera 2025-2030, lo que permitir\u00e1 el inicio de intervenciones prioritarias este mismo a\u00f1o.<\/p>\n\n\n\n<p>Durante la conferencia matutina Las ma\u00f1aneras del pueblo, el secretario de Infraestructura, Comunicaciones y Transportes, Jes\u00fas Antonio Esteva Medina, present\u00f3 los proyectos estrat\u00e9gicos que se llevar\u00e1n a cabo en la entidad para mejorar la conectividad y fortalecer la red federal de carreteras, puentes y otras vialidades.&nbsp;<\/p>\n\n\n\n<p>Uno de ellos es el puente Coatzacoalcos I, cuya ejecuci\u00f3n tomar\u00e1 tres a\u00f1os, y desde&nbsp; este ejercicio ya se trabaja en el desarrollo del proyecto definitivo, con un nuevo trazo optimizado.&nbsp;<\/p>\n\n\n\n<p>Asimismo, se inform\u00f3 que la construcci\u00f3n del distribuidor vial de acceso al puerto de Veracruz comenzar\u00e1 en abril, tras la conclusi\u00f3n de los estudios de modelaci\u00f3n y la definici\u00f3n de soluciones para los movimientos direccionales.&nbsp;<\/p>\n\n\n\n<p>Tambi\u00e9n se contempla el distribuidor vial de Paso del Toro, de 350 metros de longitud, que mejorar\u00e1 la conectividad dentro de la zona portuaria.&nbsp;<\/p>\n\n\n\n<p>Otro proyecto clave es la modernizaci\u00f3n de la carretera C\u00f3rdoba-Orizaba, que abarca 45 kil\u00f3metros y se ejecutar\u00e1 en tres a\u00f1os bajo un esquema de inversi\u00f3n mixta.&nbsp;<\/p>\n\n\n\n<p>De igual forma, se rehabilitar\u00e1 la v\u00eda Cardel-La Tinaja y su ramal al puerto de Veracruz, con 86 kil\u00f3metros de longitud, como parte de un corredor estrat\u00e9gico que conecta el sureste con el norte del pa\u00eds.&nbsp;<\/p>\n\n\n\n<p>Adem\u00e1s de estas obras, se destac\u00f3 el avance del programa de conservaci\u00f3n y mantenimiento de carreteras en la entidad, que incluye bacheo, mapeo, deshierbe y limpieza de cunetas, en coordinaci\u00f3n con la Secretar\u00eda de la Defensa Nacional, abarcando tramos clave de Veracruz y el sureste del pa\u00eds.&nbsp;<\/p>\n\n\n\n<p>&#8212;000&#8212;<\/p>\n","protected":false},"excerpt":{"rendered":"<p>Comunicado: 0572 Con apoyo de la Federaci\u00f3n, se invertir\u00e1 en infraestructura, conectividad y seguridad vial en Veracruz&nbsp; &gt;Distribuidor vial del Puerto inicia en abril.&nbsp; &gt;Con Bachet\u00f3n, avanza la rehabilitaci\u00f3n de v\u00edas federales. Xalapa, Ver., mi\u00e9rcoles 26 de febrero de 2025.- La gobernadora Roc\u00edo Nahle Garc\u00eda agradeci\u00f3 a la presidenta Claudia Sheinbaum Pardo por incluir a&#8230;<\/p>\n","protected":false},"author":2,"featured_media":5340,"comment_status":"closed","ping_status":"closed","sticky":false,"template":"","format":"standard","meta":{"_jetpack_memberships_contains_paid_content":false,"footnotes":"","jetpack_publicize_message":"","jetpack_publicize_feature_enabled":true,"jetpack_social_post_already_shared":true,"jetpack_social_options":{"image_generator_settings":{"template":"highway","default_image_id":0,"font":"","enabled":false},"version":2}},"categories":[2],"tags":[],"class_list":["post-5339","post","type-post","status-publish","format-standard","has-post-thumbnail","hentry","category-gobiernoestatal"],"jetpack_publicize_connections":[],"jetpack_featured_media_url":"https:\/\/veracruzanosexcepcionahles.com\/wp-content\/uploads\/2025\/02\/WhatsApp-Image-2025-02-26-at-11.12.15-AM.jpeg","jetpack_sharing_enabled":true,"jetpack_likes_enabled":true,"jetpack_shortlink":"https:\/\/wp.me\/se8dhK-5339","_links":{"self":[{"href":"https:\/\/veracruzanosexcepcionahles.com\/index.php\/wp-json\/wp\/v2\/posts\/5339","targetHints":{"allow":["GET"]}}],"collection":[{"href":"https:\/\/veracruzanosexcepcionahles.com\/index.php\/wp-json\/wp\/v2\/posts"}],"about":[{"href":"https:\/\/veracruzanosexcepcionahles.com\/index.php\/wp-json\/wp\/v2\/types\/post"}],"author":[{"embeddable":true,"href":"https:\/\/veracruzanosexcepcionahles.com\/index.php\/wp-json\/wp\/v2\/users\/2"}],"replies":[{"embeddable":true,"href":"https:\/\/veracruzanosexcepcionahles.com\/index.php\/wp-json\/wp\/v2\/comments?post=5339"}],"version-history":[{"count":1,"href":"https:\/\/veracruzanosexcepcionahles.com\/index.php\/wp-json\/wp\/v2\/posts\/5339\/revisions"}],"predecessor-version":[{"id":5341,"href":"https:\/\/veracruzanosexcepcionahles.com\/index.php\/wp-json\/wp\/v2\/posts\/5339\/revisions\/5341"}],"wp:featuredmedia":[{"embeddable":true,"href":"https:\/\/veracruzanosexcepcionahles.com\/index.php\/wp-json\/wp\/v2\/media\/5340"}],"wp:attachment":[{"href":"https:\/\/veracruzanosexcepcionahles.com\/index.php\/wp-json\/wp\/v2\/media?parent=5339"}],"wp:term":[{"taxonomy":"category","embeddable":true,"href":"https:\/\/veracruzanosexcepcionahles.com\/index.php\/wp-json\/wp\/v2\/categories?post=5339"},{"taxonomy":"post_tag","embeddable":true,"href":"https:\/\/veracruzanosexcepcionahles.com\/index.php\/wp-json\/wp\/v2\/tags?post=5339"}],"curies":[{"name":"wp","href":"https:\/\/api.w.org\/{rel}","templated":true}]}}