{"id":5330,"date":"2025-02-26T23:53:58","date_gmt":"2025-02-27T05:53:58","guid":{"rendered":"https:\/\/veracruzanosexcepcionahles.com\/?p=5330"},"modified":"2025-02-26T23:54:00","modified_gmt":"2025-02-27T05:54:00","slug":"gobernadora-confirma-cartelera-de-artistas-para-cumbre-tajin","status":"publish","type":"post","link":"https:\/\/veracruzanosexcepcionahles.com\/index.php\/2025\/02\/26\/gobernadora-confirma-cartelera-de-artistas-para-cumbre-tajin\/","title":{"rendered":"Gobernadora confirma cartelera de artistas para Cumbre Taj\u00edn"},"content":{"rendered":"\n<p>>Durante el d\u00eda habr\u00e1 exposiciones gastron\u00f3micas, artesanales y art\u00edsticas.<\/p>\n\n\n\n<p><strong>Xalapa, Ver., mi\u00e9rcoles 26 de febrero de 2025.-<\/strong> Veracruz se prepara para vivir una de sus celebraciones culturales m\u00e1s emblem\u00e1ticas con Cumbre Taj\u00edn, que se llevar\u00e1 a cabo del 19 al 23 de marzo en Papantla, cuna de la cultura totonaca.<\/p>\n\n\n\n<p>Durante estos cinco d\u00edas, los asistentes podr\u00e1n disfrutar de una experiencia \u00fanica con exposiciones gastron\u00f3micas, artesanales y art\u00edsticas, as\u00ed como recorrer la zona arqueol\u00f3gica de El Taj\u00edn.&nbsp;<\/p>\n\n\n\n<p>Adem\u00e1s de las actividades culturales y tradicionales, el Festival de la Identidad contar\u00e1 con un espectacular cartel musical, dado a conocer por la gobernadora Roc\u00edo Nahle Garc\u00eda.<\/p>\n\n\n\n<p>\u202219 de marzo: Las Tres Grandes (Guadalupe Pineda, Tania Libertad y Eugenia Le\u00f3n)&nbsp;<\/p>\n\n\n\n<p>\u202220 de marzo: Ed\u00e9n Mu\u00f1oz&nbsp;<\/p>\n\n\n\n<p>\u202221 de marzo: La Casetera&nbsp;<\/p>\n\n\n\n<p>\u202222 de marzo: Los Cojolites, Mujeres del Viento Florido y La Santa Cecilia&nbsp;<\/p>\n\n\n\n<p>\u202223 de marzo: Alberto Barros&nbsp;<\/p>\n\n\n\n<p>Cumbre Taj\u00edn es una oportunidad para vivir la riqueza del Totonacapan, desde su cultura y tradiciones hasta su m\u00fasica y gastronom\u00eda.<\/p>\n\n\n\n<p>Como destac\u00f3 la Gobernadora en sus redes sociales, el Festival sigue consolidando a Veracruz como un referente cultural y tur\u00edstico.<\/p>\n\n\n\n<p>&#8212;000&#8212;<\/p>\n","protected":false},"excerpt":{"rendered":"<p>>Durante el d\u00eda habr\u00e1 exposiciones gastron\u00f3micas, artesanales y art\u00edsticas. Xalapa, Ver., mi\u00e9rcoles 26 de febrero de 2025.- Veracruz se prepara para vivir una de sus celebraciones culturales m\u00e1s emblem\u00e1ticas con Cumbre Taj\u00edn, que se llevar\u00e1 a cabo del 19 al 23 de marzo en Papantla, cuna de la cultura totonaca. Durante estos cinco d\u00edas, los&#8230;<\/p>\n","protected":false},"author":2,"featured_media":5331,"comment_status":"closed","ping_status":"closed","sticky":false,"template":"","format":"standard","meta":{"_jetpack_memberships_contains_paid_content":false,"footnotes":"","jetpack_publicize_message":"","jetpack_publicize_feature_enabled":true,"jetpack_social_post_already_shared":true,"jetpack_social_options":{"image_generator_settings":{"template":"highway","default_image_id":0,"font":"","enabled":false},"version":2}},"categories":[23],"tags":[],"class_list":["post-5330","post","type-post","status-publish","format-standard","has-post-thumbnail","hentry","category-actividadesnahle"],"jetpack_publicize_connections":[],"jetpack_featured_media_url":"https:\/\/veracruzanosexcepcionahles.com\/wp-content\/uploads\/2025\/02\/WhatsApp-Image-2025-02-26-at-9.43.42-AM.jpeg","jetpack_sharing_enabled":true,"jetpack_likes_enabled":true,"jetpack_shortlink":"https:\/\/wp.me\/pe8dhK-1nY","_links":{"self":[{"href":"https:\/\/veracruzanosexcepcionahles.com\/index.php\/wp-json\/wp\/v2\/posts\/5330","targetHints":{"allow":["GET"]}}],"collection":[{"href":"https:\/\/veracruzanosexcepcionahles.com\/index.php\/wp-json\/wp\/v2\/posts"}],"about":[{"href":"https:\/\/veracruzanosexcepcionahles.com\/index.php\/wp-json\/wp\/v2\/types\/post"}],"author":[{"embeddable":true,"href":"https:\/\/veracruzanosexcepcionahles.com\/index.php\/wp-json\/wp\/v2\/users\/2"}],"replies":[{"embeddable":true,"href":"https:\/\/veracruzanosexcepcionahles.com\/index.php\/wp-json\/wp\/v2\/comments?post=5330"}],"version-history":[{"count":1,"href":"https:\/\/veracruzanosexcepcionahles.com\/index.php\/wp-json\/wp\/v2\/posts\/5330\/revisions"}],"predecessor-version":[{"id":5332,"href":"https:\/\/veracruzanosexcepcionahles.com\/index.php\/wp-json\/wp\/v2\/posts\/5330\/revisions\/5332"}],"wp:featuredmedia":[{"embeddable":true,"href":"https:\/\/veracruzanosexcepcionahles.com\/index.php\/wp-json\/wp\/v2\/media\/5331"}],"wp:attachment":[{"href":"https:\/\/veracruzanosexcepcionahles.com\/index.php\/wp-json\/wp\/v2\/media?parent=5330"}],"wp:term":[{"taxonomy":"category","embeddable":true,"href":"https:\/\/veracruzanosexcepcionahles.com\/index.php\/wp-json\/wp\/v2\/categories?post=5330"},{"taxonomy":"post_tag","embeddable":true,"href":"https:\/\/veracruzanosexcepcionahles.com\/index.php\/wp-json\/wp\/v2\/tags?post=5330"}],"curies":[{"name":"wp","href":"https:\/\/api.w.org\/{rel}","templated":true}]}}