{"id":5247,"date":"2025-02-20T16:23:34","date_gmt":"2025-02-20T22:23:34","guid":{"rendered":"https:\/\/veracruzanosexcepcionahles.com\/?p=5247"},"modified":"2025-02-20T16:23:35","modified_gmt":"2025-02-20T22:23:35","slug":"llega-al-teatro-del-estado-la-puesta-escenica-digna-rabia","status":"publish","type":"post","link":"https:\/\/veracruzanosexcepcionahles.com\/index.php\/2025\/02\/20\/llega-al-teatro-del-estado-la-puesta-escenica-digna-rabia\/","title":{"rendered":"Llega al Teatro del Estado la puesta esc\u00e9nica Digna Rabia"},"content":{"rendered":"\n<p>*En el marco del D\u00eda Internacional de la Mujer.<\/p>\n\n\n\n<p>Xalapa, Ver., jueves 20 de febrero de 2025.- La Secretar\u00eda de Cultura de Veracruz (SECVER), en coordinaci\u00f3n con el Colectivo Multidisciplinar Insumisas y la Comisi\u00f3n Estatal de Derechos Humanos, presenta la \u00f3pera prima Digna Rabia el pr\u00f3ximo 7 de marzo a las 19:00 horas en la sala Dagoberto Guillaumin del Teatro del Estado.<\/p>\n\n\n\n<p>Digna Rabia es una obra que transporta a los espectadores en un viaje emocional y cat\u00e1rtico que no s\u00f3lo conmueve, sino que tambi\u00e9n invita a la reflexi\u00f3n sobre la lucha incansable por la justicia, la dignidad y los derechos de las mujeres.<\/p>\n\n\n\n<p>Ha sido presentada con \u00e9xito en espacios teatrales y festivales de los estados de Oaxaca y Veracruz; cobra especial relevancia ya que tendr\u00e1 cabida durante la conmemoraci\u00f3n por el D\u00eda Internacional de la Mujer que se realiza el 8 de marzo.<\/p>\n\n\n\n<p>El Colectivo Multidisciplinar Insumisas est\u00e1 integrado por la directora y dramaturga, Sandra Eloisa Hern\u00e1ndez; la actriz Karem Manzur Rodr\u00edguez; la productora Karen Utrera Perdomo.<\/p>\n\n\n\n<p>As\u00ed como el t\u00e9cnico en musicalizaci\u00f3n e iluminaci\u00f3n, Mart\u00edn P\u00e9rez-Ram\u00edrez; en proyecciones, Sergio Ram\u00edrez; en coreograf\u00edas Luis, Hern\u00e1ndez en las coreograf\u00edas y los dise\u00f1adores Andrea Heba y Ka\u00b4 Larraza.<\/p>\n\n\n\n<p>La entrada es libre, dirigida a adolescentes y adultos. La SECVER te invita a conocer las actividades culturales que se realizan #PorAmorAVeracruz a trav\u00e9s de las redes sociales oficiales.<\/p>\n","protected":false},"excerpt":{"rendered":"<p>*En el marco del D\u00eda Internacional de la Mujer. Xalapa, Ver., jueves 20 de febrero de 2025.- La Secretar\u00eda de Cultura de Veracruz (SECVER), en coordinaci\u00f3n con el Colectivo Multidisciplinar Insumisas y la Comisi\u00f3n Estatal de Derechos Humanos, presenta la \u00f3pera prima Digna Rabia el pr\u00f3ximo 7 de marzo a las 19:00 horas en la&#8230;<\/p>\n","protected":false},"author":2,"featured_media":5248,"comment_status":"closed","ping_status":"closed","sticky":false,"template":"","format":"standard","meta":{"_jetpack_memberships_contains_paid_content":false,"footnotes":"","jetpack_publicize_message":"","jetpack_publicize_feature_enabled":true,"jetpack_social_post_already_shared":true,"jetpack_social_options":{"image_generator_settings":{"template":"highway","default_image_id":0,"font":"","enabled":false},"version":2}},"categories":[2],"tags":[],"class_list":["post-5247","post","type-post","status-publish","format-standard","has-post-thumbnail","hentry","category-gobiernoestatal"],"jetpack_publicize_connections":[],"jetpack_featured_media_url":"https:\/\/veracruzanosexcepcionahles.com\/wp-content\/uploads\/2025\/02\/WhatsApp-Image-2025-02-20-at-3.07.18-PM.jpeg","jetpack_sharing_enabled":true,"jetpack_likes_enabled":true,"jetpack_shortlink":"https:\/\/wp.me\/pe8dhK-1mD","_links":{"self":[{"href":"https:\/\/veracruzanosexcepcionahles.com\/index.php\/wp-json\/wp\/v2\/posts\/5247","targetHints":{"allow":["GET"]}}],"collection":[{"href":"https:\/\/veracruzanosexcepcionahles.com\/index.php\/wp-json\/wp\/v2\/posts"}],"about":[{"href":"https:\/\/veracruzanosexcepcionahles.com\/index.php\/wp-json\/wp\/v2\/types\/post"}],"author":[{"embeddable":true,"href":"https:\/\/veracruzanosexcepcionahles.com\/index.php\/wp-json\/wp\/v2\/users\/2"}],"replies":[{"embeddable":true,"href":"https:\/\/veracruzanosexcepcionahles.com\/index.php\/wp-json\/wp\/v2\/comments?post=5247"}],"version-history":[{"count":1,"href":"https:\/\/veracruzanosexcepcionahles.com\/index.php\/wp-json\/wp\/v2\/posts\/5247\/revisions"}],"predecessor-version":[{"id":5249,"href":"https:\/\/veracruzanosexcepcionahles.com\/index.php\/wp-json\/wp\/v2\/posts\/5247\/revisions\/5249"}],"wp:featuredmedia":[{"embeddable":true,"href":"https:\/\/veracruzanosexcepcionahles.com\/index.php\/wp-json\/wp\/v2\/media\/5248"}],"wp:attachment":[{"href":"https:\/\/veracruzanosexcepcionahles.com\/index.php\/wp-json\/wp\/v2\/media?parent=5247"}],"wp:term":[{"taxonomy":"category","embeddable":true,"href":"https:\/\/veracruzanosexcepcionahles.com\/index.php\/wp-json\/wp\/v2\/categories?post=5247"},{"taxonomy":"post_tag","embeddable":true,"href":"https:\/\/veracruzanosexcepcionahles.com\/index.php\/wp-json\/wp\/v2\/tags?post=5247"}],"curies":[{"name":"wp","href":"https:\/\/api.w.org\/{rel}","templated":true}]}}