{"id":5233,"date":"2025-02-19T17:41:40","date_gmt":"2025-02-19T23:41:40","guid":{"rendered":"https:\/\/veracruzanosexcepcionahles.com\/?p=5233"},"modified":"2025-02-19T17:41:42","modified_gmt":"2025-02-19T23:41:42","slug":"el-ejercito-mexicano-pueblo-uniformado-al-servicio-de-la-nacion-rocio-nahle","status":"publish","type":"post","link":"https:\/\/veracruzanosexcepcionahles.com\/index.php\/2025\/02\/19\/el-ejercito-mexicano-pueblo-uniformado-al-servicio-de-la-nacion-rocio-nahle\/","title":{"rendered":"El Ej\u00e9rcito Mexicano, pueblo uniformado al servicio de la naci\u00f3n: Roc\u00edo Nahle"},"content":{"rendered":"\n<p>*Sin ellos no ser\u00eda posible transitar en la paz ni garantizar la seguridad de Veracruz.<\/p>\n\n\n\n<figure class=\"wp-block-gallery has-nested-images columns-default is-cropped wp-block-gallery-1 is-layout-flex wp-block-gallery-is-layout-flex\">\n<figure class=\"wp-block-image size-large\"><img loading=\"lazy\" decoding=\"async\" width=\"1024\" height=\"683\" data-id=\"5234\" src=\"https:\/\/veracruzanosexcepcionahles.com\/wp-content\/uploads\/2025\/02\/WhatsApp-Image-2025-02-19-at-12.03.45-PM-1024x683.jpeg\" alt=\"\" class=\"wp-image-5234\" srcset=\"https:\/\/veracruzanosexcepcionahles.com\/wp-content\/uploads\/2025\/02\/WhatsApp-Image-2025-02-19-at-12.03.45-PM-1024x683.jpeg 1024w, https:\/\/veracruzanosexcepcionahles.com\/wp-content\/uploads\/2025\/02\/WhatsApp-Image-2025-02-19-at-12.03.45-PM-300x200.jpeg 300w, https:\/\/veracruzanosexcepcionahles.com\/wp-content\/uploads\/2025\/02\/WhatsApp-Image-2025-02-19-at-12.03.45-PM-768x512.jpeg 768w, https:\/\/veracruzanosexcepcionahles.com\/wp-content\/uploads\/2025\/02\/WhatsApp-Image-2025-02-19-at-12.03.45-PM-1536x1024.jpeg 1536w, https:\/\/veracruzanosexcepcionahles.com\/wp-content\/uploads\/2025\/02\/WhatsApp-Image-2025-02-19-at-12.03.45-PM-2048x1365.jpeg 2048w, https:\/\/veracruzanosexcepcionahles.com\/wp-content\/uploads\/2025\/02\/WhatsApp-Image-2025-02-19-at-12.03.45-PM-600x400.jpeg 600w\" sizes=\"auto, (max-width: 1024px) 100vw, 1024px\" \/><\/figure>\n\n\n\n<figure class=\"wp-block-image size-large\"><img loading=\"lazy\" decoding=\"async\" width=\"1024\" height=\"683\" data-id=\"5235\" src=\"https:\/\/veracruzanosexcepcionahles.com\/wp-content\/uploads\/2025\/02\/WhatsApp-Image-2025-02-19-at-12.03.52-PM-1024x683.jpeg\" alt=\"\" class=\"wp-image-5235\" srcset=\"https:\/\/veracruzanosexcepcionahles.com\/wp-content\/uploads\/2025\/02\/WhatsApp-Image-2025-02-19-at-12.03.52-PM-1024x683.jpeg 1024w, https:\/\/veracruzanosexcepcionahles.com\/wp-content\/uploads\/2025\/02\/WhatsApp-Image-2025-02-19-at-12.03.52-PM-300x200.jpeg 300w, https:\/\/veracruzanosexcepcionahles.com\/wp-content\/uploads\/2025\/02\/WhatsApp-Image-2025-02-19-at-12.03.52-PM-768x512.jpeg 768w, https:\/\/veracruzanosexcepcionahles.com\/wp-content\/uploads\/2025\/02\/WhatsApp-Image-2025-02-19-at-12.03.52-PM-1536x1024.jpeg 1536w, https:\/\/veracruzanosexcepcionahles.com\/wp-content\/uploads\/2025\/02\/WhatsApp-Image-2025-02-19-at-12.03.52-PM-2048x1365.jpeg 2048w, https:\/\/veracruzanosexcepcionahles.com\/wp-content\/uploads\/2025\/02\/WhatsApp-Image-2025-02-19-at-12.03.52-PM-600x400.jpeg 600w\" sizes=\"auto, (max-width: 1024px) 100vw, 1024px\" \/><\/figure>\n\n\n\n<figure class=\"wp-block-image size-large\"><img loading=\"lazy\" decoding=\"async\" width=\"1024\" height=\"683\" data-id=\"5236\" src=\"https:\/\/veracruzanosexcepcionahles.com\/wp-content\/uploads\/2025\/02\/WhatsApp-Image-2025-02-19-at-12.02.38-PM-1024x683.jpeg\" alt=\"\" class=\"wp-image-5236\" srcset=\"https:\/\/veracruzanosexcepcionahles.com\/wp-content\/uploads\/2025\/02\/WhatsApp-Image-2025-02-19-at-12.02.38-PM-1024x683.jpeg 1024w, https:\/\/veracruzanosexcepcionahles.com\/wp-content\/uploads\/2025\/02\/WhatsApp-Image-2025-02-19-at-12.02.38-PM-300x200.jpeg 300w, https:\/\/veracruzanosexcepcionahles.com\/wp-content\/uploads\/2025\/02\/WhatsApp-Image-2025-02-19-at-12.02.38-PM-768x512.jpeg 768w, https:\/\/veracruzanosexcepcionahles.com\/wp-content\/uploads\/2025\/02\/WhatsApp-Image-2025-02-19-at-12.02.38-PM-1536x1024.jpeg 1536w, https:\/\/veracruzanosexcepcionahles.com\/wp-content\/uploads\/2025\/02\/WhatsApp-Image-2025-02-19-at-12.02.38-PM-2048x1365.jpeg 2048w, https:\/\/veracruzanosexcepcionahles.com\/wp-content\/uploads\/2025\/02\/WhatsApp-Image-2025-02-19-at-12.02.38-PM-600x400.jpeg 600w\" sizes=\"auto, (max-width: 1024px) 100vw, 1024px\" \/><\/figure>\n\n\n\n<figure class=\"wp-block-image size-large\"><img loading=\"lazy\" decoding=\"async\" width=\"1024\" height=\"683\" data-id=\"5237\" src=\"https:\/\/veracruzanosexcepcionahles.com\/wp-content\/uploads\/2025\/02\/WhatsApp-Image-2025-02-19-at-12.02.24-PM-1-1024x683.jpeg\" alt=\"\" class=\"wp-image-5237\" srcset=\"https:\/\/veracruzanosexcepcionahles.com\/wp-content\/uploads\/2025\/02\/WhatsApp-Image-2025-02-19-at-12.02.24-PM-1-1024x683.jpeg 1024w, https:\/\/veracruzanosexcepcionahles.com\/wp-content\/uploads\/2025\/02\/WhatsApp-Image-2025-02-19-at-12.02.24-PM-1-300x200.jpeg 300w, https:\/\/veracruzanosexcepcionahles.com\/wp-content\/uploads\/2025\/02\/WhatsApp-Image-2025-02-19-at-12.02.24-PM-1-768x512.jpeg 768w, https:\/\/veracruzanosexcepcionahles.com\/wp-content\/uploads\/2025\/02\/WhatsApp-Image-2025-02-19-at-12.02.24-PM-1-1536x1024.jpeg 1536w, https:\/\/veracruzanosexcepcionahles.com\/wp-content\/uploads\/2025\/02\/WhatsApp-Image-2025-02-19-at-12.02.24-PM-1-2048x1365.jpeg 2048w, https:\/\/veracruzanosexcepcionahles.com\/wp-content\/uploads\/2025\/02\/WhatsApp-Image-2025-02-19-at-12.02.24-PM-1-600x400.jpeg 600w\" sizes=\"auto, (max-width: 1024px) 100vw, 1024px\" \/><\/figure>\n\n\n\n<figure class=\"wp-block-image size-large\"><img loading=\"lazy\" decoding=\"async\" width=\"1024\" height=\"683\" data-id=\"5238\" src=\"https:\/\/veracruzanosexcepcionahles.com\/wp-content\/uploads\/2025\/02\/WhatsApp-Image-2025-02-19-at-12.02.24-PM-1024x683.jpeg\" alt=\"\" class=\"wp-image-5238\" srcset=\"https:\/\/veracruzanosexcepcionahles.com\/wp-content\/uploads\/2025\/02\/WhatsApp-Image-2025-02-19-at-12.02.24-PM-1024x683.jpeg 1024w, https:\/\/veracruzanosexcepcionahles.com\/wp-content\/uploads\/2025\/02\/WhatsApp-Image-2025-02-19-at-12.02.24-PM-300x200.jpeg 300w, https:\/\/veracruzanosexcepcionahles.com\/wp-content\/uploads\/2025\/02\/WhatsApp-Image-2025-02-19-at-12.02.24-PM-768x512.jpeg 768w, https:\/\/veracruzanosexcepcionahles.com\/wp-content\/uploads\/2025\/02\/WhatsApp-Image-2025-02-19-at-12.02.24-PM-1536x1024.jpeg 1536w, https:\/\/veracruzanosexcepcionahles.com\/wp-content\/uploads\/2025\/02\/WhatsApp-Image-2025-02-19-at-12.02.24-PM-2048x1365.jpeg 2048w, https:\/\/veracruzanosexcepcionahles.com\/wp-content\/uploads\/2025\/02\/WhatsApp-Image-2025-02-19-at-12.02.24-PM-600x400.jpeg 600w\" sizes=\"auto, (max-width: 1024px) 100vw, 1024px\" \/><\/figure>\n<\/figure>\n\n\n\n<p>Emiliano Zapata, Ver., mi\u00e9rcoles 19 de febrero de 2025.- La gobernadora Roc\u00edo Nahle Garc\u00eda, encabez\u00f3 la ceremonia conmemorativa por el 112\u00b0 aniversario de la creaci\u00f3n del Ej\u00e9rcito Mexicano, instituci\u00f3n fundamental en la defensa de la soberan\u00eda y la integridad territorial del pa\u00eds, as\u00ed como en la preservaci\u00f3n de la seguridad interior.<\/p>\n\n\n\n<p>Desde las instalaciones del 63\u00b0 Batall\u00f3n de Infanter\u00eda, y en compa\u00f1\u00eda de autoridades castrenses, la mandataria destac\u00f3 el compromiso, la lealtad y el esp\u00edritu de servicio de las mujeres y hombres que integran el cuerpo militar, cuyo valor y disciplina han sido fundamentales para la construcci\u00f3n de la paz y la estabilidad nacional.<\/p>\n\n\n\n<p>En su mensaje, record\u00f3 las palabras del expresidente Andr\u00e9s Manuel L\u00f3pez Obrador al referirse al Ej\u00e9rcito como &#8220;pueblo uniformado&#8221;, subrayando que sus integrantes provienen de la sociedad.<\/p>\n\n\n\n<p>Asimismo, destac\u00f3 la estrecha colaboraci\u00f3n con el Gobierno de Veracruz, reconociendo el trabajo coordinado que se realiza diariamente en la Mesa de Seguridad para la Construcci\u00f3n de la Paz.<\/p>\n\n\n\n<p>&#8220;Quiero agradecer y reconocer todo el apoyo, la colaboraci\u00f3n y la coordinaci\u00f3n que ustedes tienen con nuestro gobierno. D\u00eda a d\u00eda vemos el esfuerzo que realizan en todo el territorio veracruzano en conjunto con otras grandes instituciones, como la Marina, la Secretar\u00eda de Seguridad y las fiscal\u00edas\u201d.<br>Subray\u00f3 que gracias a esta labor conjunta es posible avanzar en la consolidaci\u00f3n de un estado m\u00e1s seguro y en paz. &#8220;Sin ustedes no ser\u00eda posible garantizar a los veracruzanos que estamos construyendo una transformaci\u00f3n con unidad, con fraternidad y, sobre todo, con seguridad&#8221;, concluy\u00f3.<\/p>\n\n\n\n<p>El 19 de febrero fue instituido en 1950 como el D\u00eda del Ej\u00e9rcito Mexicano, por decreto del presidente Miguel Alem\u00e1n Vald\u00e9s. Esta fecha tiene su origen en el decreto 1421, emitido por el Congreso del estado de Coahuila en 1913, mediante el cual se cre\u00f3 el Ej\u00e9rcito Constitucionalista tras el asesinato de Francisco I. Madero, antecedente directo de las Fuerzas Armadas de nuestro pa\u00eds.<\/p>\n\n\n\n<p>Desde entonces, cada a\u00f1o se rinde homenaje a quienes integran esta instituci\u00f3n, reconociendo su labor en la defensa del territorio y la soberan\u00eda nacional, as\u00ed como su invaluable apoyo a la poblaci\u00f3n en casos de emergencia a trav\u00e9s del Plan DN-III-E.<\/p>\n\n\n\n<p>&#8212;000&#8212;<\/p>\n","protected":false},"excerpt":{"rendered":"<p>*Sin ellos no ser\u00eda posible transitar en la paz ni garantizar la seguridad de Veracruz. Emiliano Zapata, Ver., mi\u00e9rcoles 19 de febrero de 2025.- La gobernadora Roc\u00edo Nahle Garc\u00eda, encabez\u00f3 la ceremonia conmemorativa por el 112\u00b0 aniversario de la creaci\u00f3n del Ej\u00e9rcito Mexicano, instituci\u00f3n fundamental en la defensa de la soberan\u00eda y la integridad territorial&#8230;<\/p>\n","protected":false},"author":2,"featured_media":5234,"comment_status":"closed","ping_status":"closed","sticky":false,"template":"","format":"standard","meta":{"_jetpack_memberships_contains_paid_content":false,"footnotes":"","jetpack_publicize_message":"","jetpack_publicize_feature_enabled":true,"jetpack_social_post_already_shared":true,"jetpack_social_options":{"image_generator_settings":{"template":"highway","default_image_id":0,"font":"","enabled":false},"version":2}},"categories":[23],"tags":[],"class_list":["post-5233","post","type-post","status-publish","format-standard","has-post-thumbnail","hentry","category-actividadesnahle"],"jetpack_publicize_connections":[],"jetpack_featured_media_url":"https:\/\/veracruzanosexcepcionahles.com\/wp-content\/uploads\/2025\/02\/WhatsApp-Image-2025-02-19-at-12.03.45-PM-scaled.jpeg","jetpack_sharing_enabled":true,"jetpack_likes_enabled":true,"jetpack_shortlink":"https:\/\/wp.me\/pe8dhK-1mp","_links":{"self":[{"href":"https:\/\/veracruzanosexcepcionahles.com\/index.php\/wp-json\/wp\/v2\/posts\/5233","targetHints":{"allow":["GET"]}}],"collection":[{"href":"https:\/\/veracruzanosexcepcionahles.com\/index.php\/wp-json\/wp\/v2\/posts"}],"about":[{"href":"https:\/\/veracruzanosexcepcionahles.com\/index.php\/wp-json\/wp\/v2\/types\/post"}],"author":[{"embeddable":true,"href":"https:\/\/veracruzanosexcepcionahles.com\/index.php\/wp-json\/wp\/v2\/users\/2"}],"replies":[{"embeddable":true,"href":"https:\/\/veracruzanosexcepcionahles.com\/index.php\/wp-json\/wp\/v2\/comments?post=5233"}],"version-history":[{"count":1,"href":"https:\/\/veracruzanosexcepcionahles.com\/index.php\/wp-json\/wp\/v2\/posts\/5233\/revisions"}],"predecessor-version":[{"id":5239,"href":"https:\/\/veracruzanosexcepcionahles.com\/index.php\/wp-json\/wp\/v2\/posts\/5233\/revisions\/5239"}],"wp:featuredmedia":[{"embeddable":true,"href":"https:\/\/veracruzanosexcepcionahles.com\/index.php\/wp-json\/wp\/v2\/media\/5234"}],"wp:attachment":[{"href":"https:\/\/veracruzanosexcepcionahles.com\/index.php\/wp-json\/wp\/v2\/media?parent=5233"}],"wp:term":[{"taxonomy":"category","embeddable":true,"href":"https:\/\/veracruzanosexcepcionahles.com\/index.php\/wp-json\/wp\/v2\/categories?post=5233"},{"taxonomy":"post_tag","embeddable":true,"href":"https:\/\/veracruzanosexcepcionahles.com\/index.php\/wp-json\/wp\/v2\/tags?post=5233"}],"curies":[{"name":"wp","href":"https:\/\/api.w.org\/{rel}","templated":true}]}}