{"id":5227,"date":"2025-02-19T17:28:10","date_gmt":"2025-02-19T23:28:10","guid":{"rendered":"https:\/\/veracruzanosexcepcionahles.com\/?p=5227"},"modified":"2025-02-19T17:28:12","modified_gmt":"2025-02-19T23:28:12","slug":"veracruz-referente-en-colocacion-laboral-secretaria-del-trabajo","status":"publish","type":"post","link":"https:\/\/veracruzanosexcepcionahles.com\/index.php\/2025\/02\/19\/veracruz-referente-en-colocacion-laboral-secretaria-del-trabajo\/","title":{"rendered":"Veracruz, referente en colocaci\u00f3n laboral: Secretar\u00eda del Trabajo"},"content":{"rendered":"\n<p>*Inauguran oficinas del Servicio Nacional de Empleo.<br>*Caravana de Servicios acerc\u00f3 diferentes programas a usuarios.<\/p>\n\n\n\n<p>Coatzacoalcos, Ver., mi\u00e9rcoles 19 de febrero de 2025.- La Secretar\u00eda de Trabajo, Previsi\u00f3n Social y Productividad (STPSP) anunci\u00f3 la disponibilidad de 55 plazas laborales en esta ciudad, adem\u00e1s de vacantes hacia Canad\u00e1, Estados Unidos y Alemania, as\u00ed como oportunidades para jornaleros agr\u00edcolas dentro de M\u00e9xico.<\/p>\n\n\n\n<p>Anualmente, alrededor de dos mil personas participan en movilidad externa y cuatro mil de manera interna, consolidando a Veracruz como un referente en colocaci\u00f3n laboral, asegur\u00f3 su titular, Luis Arturo Santiago Mart\u00ednez.<\/p>\n\n\n\n<p>Adicionalmente, dio a conocer que el pr\u00f3ximo mes se realizar\u00e1n seis ferias del empleo, una de ellas en Coatzacoalcos, donde las empresas ofrecer\u00e1n m\u00e1s vacantes en distintos sectores productivos.<\/p>\n\n\n\n<p>Para optimizar la atenci\u00f3n y vinculaci\u00f3n entre solicitantes y ofertantes, la dependencia inaugur\u00f3 las nuevas instalaciones del Servicio Nacional de Empleo Veracruz en Coatzacoalcos.<\/p>\n\n\n\n<p>Mediante la s\u00e9ptima Caravana de Servicios, la dependencia acerc\u00f3 a la ciudadan\u00eda los programas y servicios en materia de procuraci\u00f3n de justicia laboral, inspecci\u00f3n del trabajo, equidad de g\u00e9nero, conciliaci\u00f3n y capacitaci\u00f3n para el empleo.<\/p>\n\n\n\n<p>En el marco de esta jornada, fue inaugurada la Expo Productos y Servicios del Instituto de Capacitaci\u00f3n para el Trabajo del Estado de Veracruz con lo elaborado por alumnos de los cursos de confecci\u00f3n de prendas, pasteler\u00eda, desarrollo de sitios y aplicaciones web, entre otros, a quienes entreg\u00f3 sus respectivos diplomas certificando su aprendizaje.<\/p>\n\n\n\n<p>&#8212;000&#8212;<\/p>\n","protected":false},"excerpt":{"rendered":"<p>*Inauguran oficinas del Servicio Nacional de Empleo.*Caravana de Servicios acerc\u00f3 diferentes programas a usuarios. Coatzacoalcos, Ver., mi\u00e9rcoles 19 de febrero de 2025.- La Secretar\u00eda de Trabajo, Previsi\u00f3n Social y Productividad (STPSP) anunci\u00f3 la disponibilidad de 55 plazas laborales en esta ciudad, adem\u00e1s de vacantes hacia Canad\u00e1, Estados Unidos y Alemania, as\u00ed como oportunidades para jornaleros&#8230;<\/p>\n","protected":false},"author":2,"featured_media":5228,"comment_status":"closed","ping_status":"closed","sticky":false,"template":"","format":"standard","meta":{"_jetpack_memberships_contains_paid_content":false,"footnotes":"","jetpack_publicize_message":"","jetpack_publicize_feature_enabled":true,"jetpack_social_post_already_shared":true,"jetpack_social_options":{"image_generator_settings":{"template":"highway","default_image_id":0,"font":"","enabled":false},"version":2}},"categories":[2],"tags":[],"class_list":["post-5227","post","type-post","status-publish","format-standard","has-post-thumbnail","hentry","category-gobiernoestatal"],"jetpack_publicize_connections":[],"jetpack_featured_media_url":"https:\/\/veracruzanosexcepcionahles.com\/wp-content\/uploads\/2025\/02\/WhatsApp-Image-2025-02-19-at-4.04.06-PM-scaled.jpeg","jetpack_sharing_enabled":true,"jetpack_likes_enabled":true,"jetpack_shortlink":"https:\/\/wp.me\/pe8dhK-1mj","_links":{"self":[{"href":"https:\/\/veracruzanosexcepcionahles.com\/index.php\/wp-json\/wp\/v2\/posts\/5227","targetHints":{"allow":["GET"]}}],"collection":[{"href":"https:\/\/veracruzanosexcepcionahles.com\/index.php\/wp-json\/wp\/v2\/posts"}],"about":[{"href":"https:\/\/veracruzanosexcepcionahles.com\/index.php\/wp-json\/wp\/v2\/types\/post"}],"author":[{"embeddable":true,"href":"https:\/\/veracruzanosexcepcionahles.com\/index.php\/wp-json\/wp\/v2\/users\/2"}],"replies":[{"embeddable":true,"href":"https:\/\/veracruzanosexcepcionahles.com\/index.php\/wp-json\/wp\/v2\/comments?post=5227"}],"version-history":[{"count":1,"href":"https:\/\/veracruzanosexcepcionahles.com\/index.php\/wp-json\/wp\/v2\/posts\/5227\/revisions"}],"predecessor-version":[{"id":5229,"href":"https:\/\/veracruzanosexcepcionahles.com\/index.php\/wp-json\/wp\/v2\/posts\/5227\/revisions\/5229"}],"wp:featuredmedia":[{"embeddable":true,"href":"https:\/\/veracruzanosexcepcionahles.com\/index.php\/wp-json\/wp\/v2\/media\/5228"}],"wp:attachment":[{"href":"https:\/\/veracruzanosexcepcionahles.com\/index.php\/wp-json\/wp\/v2\/media?parent=5227"}],"wp:term":[{"taxonomy":"category","embeddable":true,"href":"https:\/\/veracruzanosexcepcionahles.com\/index.php\/wp-json\/wp\/v2\/categories?post=5227"},{"taxonomy":"post_tag","embeddable":true,"href":"https:\/\/veracruzanosexcepcionahles.com\/index.php\/wp-json\/wp\/v2\/tags?post=5227"}],"curies":[{"name":"wp","href":"https:\/\/api.w.org\/{rel}","templated":true}]}}