{"id":5224,"date":"2025-02-19T17:25:31","date_gmt":"2025-02-19T23:25:31","guid":{"rendered":"https:\/\/veracruzanosexcepcionahles.com\/?p=5224"},"modified":"2025-02-19T17:25:33","modified_gmt":"2025-02-19T23:25:33","slug":"capacita-dif-a-municipios-en-sensibilizacion-y-atencion-a-personas-con-discapacidad","status":"publish","type":"post","link":"https:\/\/veracruzanosexcepcionahles.com\/index.php\/2025\/02\/19\/capacita-dif-a-municipios-en-sensibilizacion-y-atencion-a-personas-con-discapacidad\/","title":{"rendered":"Capacita DIF a municipios en sensibilizaci\u00f3n y atenci\u00f3n a personas con discapacidad"},"content":{"rendered":"\n<p>Promueven su desarrollo y participaci\u00f3n activa en la sociedad.<\/p>\n\n\n\n<p>Xalapa, Ver., mi\u00e9rcoles 19 de febrero de 2025.- Para avanzar hacia una sociedad m\u00e1s equitativa, el Sistema Estatal para el Desarrollo Integral de la Familia (DIF) imparti\u00f3 el curso <em>Discapacidad: sensibilizaci\u00f3n, inclusi\u00f3n y servicios de apoyo<\/em>, dirigido a servidores p\u00fablicos de 108 ayuntamientos.<\/p>\n\n\n\n<p>Organizado a trav\u00e9s del Centro de Rehabilitaci\u00f3n e Inclusi\u00f3n Social de Veracruz (CRISVER), este espacio de aprendizaje proporcion\u00f3 herramientas a los funcionarios municipales para fomentar comunidades m\u00e1s accesibles y sensibles a las necesidades de las personas con discapacidad.<\/p>\n\n\n\n<p>Durante dos d\u00edas, los participantes asistieron a talleres de sensibilizaci\u00f3n y conferencias impartidas por expertos, con el objetivo de garantizar la igualdad de oportunidades y el ejercicio pleno de los derechos de todas las personas.<\/p>\n\n\n\n<p>De esta manera, el DIF Estatal reafirma su compromiso con la promoci\u00f3n de pol\u00edticas p\u00fablicas inclusivas, mientras que el CRISVER continuar\u00e1 trabajando en coordinaci\u00f3n con los ayuntamientos para generar entornos que favorezcan el desarrollo y la participaci\u00f3n activa de las personas con discapacidad.<\/p>\n\n\n\n<p>&#8212;000&#8212;<\/p>\n","protected":false},"excerpt":{"rendered":"<p>Promueven su desarrollo y participaci\u00f3n activa en la sociedad. Xalapa, Ver., mi\u00e9rcoles 19 de febrero de 2025.- Para avanzar hacia una sociedad m\u00e1s equitativa, el Sistema Estatal para el Desarrollo Integral de la Familia (DIF) imparti\u00f3 el curso Discapacidad: sensibilizaci\u00f3n, inclusi\u00f3n y servicios de apoyo, dirigido a servidores p\u00fablicos de 108 ayuntamientos. Organizado a trav\u00e9s&#8230;<\/p>\n","protected":false},"author":2,"featured_media":5225,"comment_status":"closed","ping_status":"closed","sticky":false,"template":"","format":"standard","meta":{"_jetpack_memberships_contains_paid_content":false,"footnotes":"","jetpack_publicize_message":"","jetpack_publicize_feature_enabled":true,"jetpack_social_post_already_shared":true,"jetpack_social_options":{"image_generator_settings":{"template":"highway","default_image_id":0,"font":"","enabled":false},"version":2}},"categories":[2],"tags":[],"class_list":["post-5224","post","type-post","status-publish","format-standard","has-post-thumbnail","hentry","category-gobiernoestatal"],"jetpack_publicize_connections":[],"jetpack_featured_media_url":"https:\/\/veracruzanosexcepcionahles.com\/wp-content\/uploads\/2025\/02\/WhatsApp-Image-2025-02-19-at-4.59.35-PM.jpeg","jetpack_sharing_enabled":true,"jetpack_likes_enabled":true,"jetpack_shortlink":"https:\/\/wp.me\/pe8dhK-1mg","_links":{"self":[{"href":"https:\/\/veracruzanosexcepcionahles.com\/index.php\/wp-json\/wp\/v2\/posts\/5224","targetHints":{"allow":["GET"]}}],"collection":[{"href":"https:\/\/veracruzanosexcepcionahles.com\/index.php\/wp-json\/wp\/v2\/posts"}],"about":[{"href":"https:\/\/veracruzanosexcepcionahles.com\/index.php\/wp-json\/wp\/v2\/types\/post"}],"author":[{"embeddable":true,"href":"https:\/\/veracruzanosexcepcionahles.com\/index.php\/wp-json\/wp\/v2\/users\/2"}],"replies":[{"embeddable":true,"href":"https:\/\/veracruzanosexcepcionahles.com\/index.php\/wp-json\/wp\/v2\/comments?post=5224"}],"version-history":[{"count":1,"href":"https:\/\/veracruzanosexcepcionahles.com\/index.php\/wp-json\/wp\/v2\/posts\/5224\/revisions"}],"predecessor-version":[{"id":5226,"href":"https:\/\/veracruzanosexcepcionahles.com\/index.php\/wp-json\/wp\/v2\/posts\/5224\/revisions\/5226"}],"wp:featuredmedia":[{"embeddable":true,"href":"https:\/\/veracruzanosexcepcionahles.com\/index.php\/wp-json\/wp\/v2\/media\/5225"}],"wp:attachment":[{"href":"https:\/\/veracruzanosexcepcionahles.com\/index.php\/wp-json\/wp\/v2\/media?parent=5224"}],"wp:term":[{"taxonomy":"category","embeddable":true,"href":"https:\/\/veracruzanosexcepcionahles.com\/index.php\/wp-json\/wp\/v2\/categories?post=5224"},{"taxonomy":"post_tag","embeddable":true,"href":"https:\/\/veracruzanosexcepcionahles.com\/index.php\/wp-json\/wp\/v2\/tags?post=5224"}],"curies":[{"name":"wp","href":"https:\/\/api.w.org\/{rel}","templated":true}]}}