{"id":5221,"date":"2025-02-18T17:34:31","date_gmt":"2025-02-18T23:34:31","guid":{"rendered":"https:\/\/veracruzanosexcepcionahles.com\/?p=5221"},"modified":"2025-02-18T17:34:33","modified_gmt":"2025-02-18T23:34:33","slug":"cumbre-tajin-2025-afinan-preparativos-para-celebrar-el-legado-totonaca","status":"publish","type":"post","link":"https:\/\/veracruzanosexcepcionahles.com\/index.php\/2025\/02\/18\/cumbre-tajin-2025-afinan-preparativos-para-celebrar-el-legado-totonaca\/","title":{"rendered":"Cumbre Taj\u00edn 2025, afinan preparativos para celebrar el legado totonaca"},"content":{"rendered":"\n<p>*El festival es referente en la preservaci\u00f3n y difusi\u00f3n del patrimonio inmaterial de Veracruz.<\/p>\n\n\n\n<p>Papantla, Ver., martes 18 de febrero de 2025.- Autoridades estatales, municipales y representantes de diversas instituciones llevaron a cabo la tercera reuni\u00f3n operativa para coordinar las acciones que garantizar\u00e1n el \u00e9xito de Cumbre Taj\u00edn 2025 en el Parque Tem\u00e1tico Takilhsukut.<\/p>\n\n\n\n<p>Durante el encuentro se definieron estrategias para optimizar la seguridad, log\u00edstica y promoci\u00f3n del festival, asegurando una experiencia enriquecedora para los asistentes, abordando temas como rutas de acceso, vigilancia, atenci\u00f3n a visitantes y difusi\u00f3n tur\u00edstica.<\/p>\n\n\n\n<p>La reuni\u00f3n fue encabezada por la secretaria de Cultura, X\u00f3chitl Molina Gonz\u00e1lez, con la participaci\u00f3n de las secretar\u00edas de Turismo, Protecci\u00f3n Civil, Seguridad P\u00fablica y el Ayuntamiento de Papantla.<\/p>\n\n\n\n<p>El Gobierno del Estado ha informado que el elenco art\u00edstico del festival, a realizarse del 19 al 22 de marzo en Papantla, incluir\u00e1 a destacados exponentes de la m\u00fasica tradicional y contempor\u00e1nea como Alberto Barros, La Casetera, Ed\u00e9n Mu\u00f1oz, Eugenia Le\u00f3n, Guadalupe Pineda, La Santa Cecilia, Viento Florido y Tania Libertad.<\/p>\n\n\n\n<p>Cumbre Taj\u00edn 2025 ser\u00e1 un punto de encuentro para la expresi\u00f3n de las tradiciones y la identidad del pueblo totonaca, fortaleciendo su proyecci\u00f3n a nivel nacional e internacional.<\/p>\n","protected":false},"excerpt":{"rendered":"<p>*El festival es referente en la preservaci\u00f3n y difusi\u00f3n del patrimonio inmaterial de Veracruz. Papantla, Ver., martes 18 de febrero de 2025.- Autoridades estatales, municipales y representantes de diversas instituciones llevaron a cabo la tercera reuni\u00f3n operativa para coordinar las acciones que garantizar\u00e1n el \u00e9xito de Cumbre Taj\u00edn 2025 en el Parque Tem\u00e1tico Takilhsukut. Durante&#8230;<\/p>\n","protected":false},"author":2,"featured_media":5222,"comment_status":"closed","ping_status":"closed","sticky":false,"template":"","format":"standard","meta":{"_jetpack_memberships_contains_paid_content":false,"footnotes":"","jetpack_publicize_message":"","jetpack_publicize_feature_enabled":true,"jetpack_social_post_already_shared":true,"jetpack_social_options":{"image_generator_settings":{"template":"highway","default_image_id":0,"font":"","enabled":false},"version":2}},"categories":[2],"tags":[],"class_list":["post-5221","post","type-post","status-publish","format-standard","has-post-thumbnail","hentry","category-gobiernoestatal"],"jetpack_publicize_connections":[],"jetpack_featured_media_url":"https:\/\/veracruzanosexcepcionahles.com\/wp-content\/uploads\/2025\/02\/WhatsApp-Image-2025-02-18-at-10.37.25-AM.jpeg","jetpack_sharing_enabled":true,"jetpack_likes_enabled":true,"jetpack_shortlink":"https:\/\/wp.me\/pe8dhK-1md","_links":{"self":[{"href":"https:\/\/veracruzanosexcepcionahles.com\/index.php\/wp-json\/wp\/v2\/posts\/5221","targetHints":{"allow":["GET"]}}],"collection":[{"href":"https:\/\/veracruzanosexcepcionahles.com\/index.php\/wp-json\/wp\/v2\/posts"}],"about":[{"href":"https:\/\/veracruzanosexcepcionahles.com\/index.php\/wp-json\/wp\/v2\/types\/post"}],"author":[{"embeddable":true,"href":"https:\/\/veracruzanosexcepcionahles.com\/index.php\/wp-json\/wp\/v2\/users\/2"}],"replies":[{"embeddable":true,"href":"https:\/\/veracruzanosexcepcionahles.com\/index.php\/wp-json\/wp\/v2\/comments?post=5221"}],"version-history":[{"count":1,"href":"https:\/\/veracruzanosexcepcionahles.com\/index.php\/wp-json\/wp\/v2\/posts\/5221\/revisions"}],"predecessor-version":[{"id":5223,"href":"https:\/\/veracruzanosexcepcionahles.com\/index.php\/wp-json\/wp\/v2\/posts\/5221\/revisions\/5223"}],"wp:featuredmedia":[{"embeddable":true,"href":"https:\/\/veracruzanosexcepcionahles.com\/index.php\/wp-json\/wp\/v2\/media\/5222"}],"wp:attachment":[{"href":"https:\/\/veracruzanosexcepcionahles.com\/index.php\/wp-json\/wp\/v2\/media?parent=5221"}],"wp:term":[{"taxonomy":"category","embeddable":true,"href":"https:\/\/veracruzanosexcepcionahles.com\/index.php\/wp-json\/wp\/v2\/categories?post=5221"},{"taxonomy":"post_tag","embeddable":true,"href":"https:\/\/veracruzanosexcepcionahles.com\/index.php\/wp-json\/wp\/v2\/tags?post=5221"}],"curies":[{"name":"wp","href":"https:\/\/api.w.org\/{rel}","templated":true}]}}