{"id":5079,"date":"2025-02-10T17:52:04","date_gmt":"2025-02-10T23:52:04","guid":{"rendered":"https:\/\/veracruzanosexcepcionahles.com\/?p=5079"},"modified":"2025-02-10T17:52:06","modified_gmt":"2025-02-10T23:52:06","slug":"rocio-nahle-alista-su-primera-cumbre-tajin","status":"publish","type":"post","link":"https:\/\/veracruzanosexcepcionahles.com\/index.php\/2025\/02\/10\/rocio-nahle-alista-su-primera-cumbre-tajin\/","title":{"rendered":"Roc\u00edo Nahle alista su primera Cumbre Taj\u00edn"},"content":{"rendered":"\n<p>Poza Rica, Ver., lunes 10 de febrero de 2025.- La gobernadora Roc\u00edo Nahle Garc\u00eda confirm\u00f3 que avanzan los preparativos para la edici\u00f3n 2025 de Cumbre Taj\u00edn, evento emblem\u00e1tico que se celebrar\u00e1 en marzo y que ofrecer\u00e1 cartelera de conciertos y actividades culturales.<\/p>\n\n\n\n<p>En entrevista con medios de la regi\u00f3n norte, destac\u00f3 que ya fue presentada la programaci\u00f3n art\u00edstica y asegur\u00f3 que contar\u00e1 con espect\u00e1culos que cautivar\u00e1n al p\u00fablico.<\/p>\n\n\n\n<p>Asimismo, se\u00f1al\u00f3 que esta ser\u00e1 su primera Cumbre Taj\u00edn al frente de la organizaci\u00f3n y expres\u00f3 su entusiasmo por compartir con los asistentes la magia de este festival, que cada a\u00f1o proyecta al mundo la riqueza cultural del Totonacapan.<\/p>\n\n\n\n<p>Sobre las condiciones de las carreteras hacia el Parque Takilhsukut, la Mandataria afirm\u00f3 que su administraci\u00f3n trabaja en distintos frentes, incluyendo la mejora de la infraestructura vial y el impulso al campo, siempre con una gesti\u00f3n responsable del presupuesto.<\/p>\n\n\n\n<p>&#8220;Lo m\u00e1s importante es dar a conocer Veracruz, nos fue muy bien en Tlacotalpan, con lo del Viejo en Veracruz, y la Cumbre Taj\u00edn es la Cumbre Taj\u00edn\u201d, concluy\u00f3.<\/p>\n\n\n\n<p>&#8212;000&#8212;<\/p>\n","protected":false},"excerpt":{"rendered":"<p>Poza Rica, Ver., lunes 10 de febrero de 2025.- La gobernadora Roc\u00edo Nahle Garc\u00eda confirm\u00f3 que avanzan los preparativos para la edici\u00f3n 2025 de Cumbre Taj\u00edn, evento emblem\u00e1tico que se celebrar\u00e1 en marzo y que ofrecer\u00e1 cartelera de conciertos y actividades culturales. En entrevista con medios de la regi\u00f3n norte, destac\u00f3 que ya fue presentada&#8230;<\/p>\n","protected":false},"author":2,"featured_media":5080,"comment_status":"closed","ping_status":"closed","sticky":false,"template":"","format":"standard","meta":{"_jetpack_memberships_contains_paid_content":false,"footnotes":"","jetpack_publicize_message":"","jetpack_publicize_feature_enabled":true,"jetpack_social_post_already_shared":true,"jetpack_social_options":{"image_generator_settings":{"template":"highway","default_image_id":0,"font":"","enabled":false},"version":2}},"categories":[23],"tags":[],"class_list":["post-5079","post","type-post","status-publish","format-standard","has-post-thumbnail","hentry","category-actividadesnahle"],"jetpack_publicize_connections":[],"jetpack_featured_media_url":"https:\/\/veracruzanosexcepcionahles.com\/wp-content\/uploads\/2025\/02\/WhatsApp-Image-2025-02-10-at-4.38.14-PM-1.jpeg","jetpack_sharing_enabled":true,"jetpack_likes_enabled":true,"jetpack_shortlink":"https:\/\/wp.me\/pe8dhK-1jV","_links":{"self":[{"href":"https:\/\/veracruzanosexcepcionahles.com\/index.php\/wp-json\/wp\/v2\/posts\/5079","targetHints":{"allow":["GET"]}}],"collection":[{"href":"https:\/\/veracruzanosexcepcionahles.com\/index.php\/wp-json\/wp\/v2\/posts"}],"about":[{"href":"https:\/\/veracruzanosexcepcionahles.com\/index.php\/wp-json\/wp\/v2\/types\/post"}],"author":[{"embeddable":true,"href":"https:\/\/veracruzanosexcepcionahles.com\/index.php\/wp-json\/wp\/v2\/users\/2"}],"replies":[{"embeddable":true,"href":"https:\/\/veracruzanosexcepcionahles.com\/index.php\/wp-json\/wp\/v2\/comments?post=5079"}],"version-history":[{"count":1,"href":"https:\/\/veracruzanosexcepcionahles.com\/index.php\/wp-json\/wp\/v2\/posts\/5079\/revisions"}],"predecessor-version":[{"id":5081,"href":"https:\/\/veracruzanosexcepcionahles.com\/index.php\/wp-json\/wp\/v2\/posts\/5079\/revisions\/5081"}],"wp:featuredmedia":[{"embeddable":true,"href":"https:\/\/veracruzanosexcepcionahles.com\/index.php\/wp-json\/wp\/v2\/media\/5080"}],"wp:attachment":[{"href":"https:\/\/veracruzanosexcepcionahles.com\/index.php\/wp-json\/wp\/v2\/media?parent=5079"}],"wp:term":[{"taxonomy":"category","embeddable":true,"href":"https:\/\/veracruzanosexcepcionahles.com\/index.php\/wp-json\/wp\/v2\/categories?post=5079"},{"taxonomy":"post_tag","embeddable":true,"href":"https:\/\/veracruzanosexcepcionahles.com\/index.php\/wp-json\/wp\/v2\/tags?post=5079"}],"curies":[{"name":"wp","href":"https:\/\/api.w.org\/{rel}","templated":true}]}}