{"id":5061,"date":"2025-02-10T11:39:16","date_gmt":"2025-02-10T17:39:16","guid":{"rendered":"https:\/\/veracruzanosexcepcionahles.com\/?p=5061"},"modified":"2025-02-10T11:39:18","modified_gmt":"2025-02-10T17:39:18","slug":"modernizacion-de-la-avenida-miguel-aleman-para-una-mejor-movilidad-y-acceso-al-puerto-de-veracruz","status":"publish","type":"post","link":"https:\/\/veracruzanosexcepcionahles.com\/index.php\/2025\/02\/10\/modernizacion-de-la-avenida-miguel-aleman-para-una-mejor-movilidad-y-acceso-al-puerto-de-veracruz\/","title":{"rendered":"Modernizaci\u00f3n de la avenida Miguel Alem\u00e1n para una mejor movilidad y acceso al puerto de Veracruz"},"content":{"rendered":"\n<p>*SICT interviene en los tramos Acayucan-Los Tuxtlas y Cardel-Nautla.<\/p>\n\n\n\n<p>Xalapa, Ver., lunes 10 de febrero de 2025.- El Gobierno del Estado lleva a cabo la rehabilitaci\u00f3n integral de la avenida Miguel Alem\u00e1n, uno de los accesos m\u00e1s importantes al puerto de Veracruz y a la zona conurbada m\u00e1s poblada de la entidad.<\/p>\n\n\n\n<p>La gobernadora Roc\u00edo Nahle Garc\u00eda destac\u00f3 que la vialidad se encontraba en condiciones muy deterioradas, por lo que decidi\u00f3 no limitarse a un bacheo, sino retirar la carpeta asf\u00e1ltica para colocar una nueva pavimentaci\u00f3n que garantice una entrada digna y segura a la ciudad.<\/p>\n\n\n\n<p>En entrevista para Quatro Media Comunicaciones, expuso que la obra est\u00e1 a cargo de una empresa comprometida a ejecutarla con calidad y en el menor tiempo posible.<\/p>\n\n\n\n<p>En materia de infraestructura carretera, inform\u00f3 sobre el reencarpetado del tramo Veracruz-Xalapa, as\u00ed como la rehabilitaci\u00f3n en la zona de Las Matas y frente a La Cangrejera, en el sur del estado.<\/p>\n\n\n\n<p>Tambi\u00e9n destac\u00f3 la colaboraci\u00f3n con la Secretar\u00eda de Infraestructura, Comunicaciones y Transportes (SICT) en la carretera 180, desde Acayucan hasta Los Tuxtlas, y en el tramo Cardel-Nautla, donde ya hay maquinaria en operaci\u00f3n.<\/p>\n\n\n\n<p>Adem\u00e1s, adelant\u00f3 que busca un convenio con la SICT para intervenir la v\u00eda P\u00e1nuco-Tantoyuca, considerada prioritaria, y que esta semana sostendr\u00e1 una mesa de trabajo con la Secretar\u00eda de Infraestructura y Obras P\u00fablicas para dar seguimiento a las obras viales en todo el estado.<\/p>\n\n\n\n<p>&#8212;000&#8212;<\/p>\n","protected":false},"excerpt":{"rendered":"<p>*SICT interviene en los tramos Acayucan-Los Tuxtlas y Cardel-Nautla. Xalapa, Ver., lunes 10 de febrero de 2025.- El Gobierno del Estado lleva a cabo la rehabilitaci\u00f3n integral de la avenida Miguel Alem\u00e1n, uno de los accesos m\u00e1s importantes al puerto de Veracruz y a la zona conurbada m\u00e1s poblada de la entidad. La gobernadora Roc\u00edo&#8230;<\/p>\n","protected":false},"author":2,"featured_media":5062,"comment_status":"closed","ping_status":"closed","sticky":false,"template":"","format":"standard","meta":{"_jetpack_memberships_contains_paid_content":false,"footnotes":"","jetpack_publicize_message":"","jetpack_publicize_feature_enabled":true,"jetpack_social_post_already_shared":true,"jetpack_social_options":{"image_generator_settings":{"template":"highway","default_image_id":0,"font":"","enabled":false},"version":2}},"categories":[23],"tags":[],"class_list":["post-5061","post","type-post","status-publish","format-standard","has-post-thumbnail","hentry","category-actividadesnahle"],"jetpack_publicize_connections":[],"jetpack_featured_media_url":"https:\/\/veracruzanosexcepcionahles.com\/wp-content\/uploads\/2025\/02\/WhatsApp-Image-2025-02-10-at-10.30.56-AM.jpeg","jetpack_sharing_enabled":true,"jetpack_likes_enabled":true,"jetpack_shortlink":"https:\/\/wp.me\/pe8dhK-1jD","_links":{"self":[{"href":"https:\/\/veracruzanosexcepcionahles.com\/index.php\/wp-json\/wp\/v2\/posts\/5061","targetHints":{"allow":["GET"]}}],"collection":[{"href":"https:\/\/veracruzanosexcepcionahles.com\/index.php\/wp-json\/wp\/v2\/posts"}],"about":[{"href":"https:\/\/veracruzanosexcepcionahles.com\/index.php\/wp-json\/wp\/v2\/types\/post"}],"author":[{"embeddable":true,"href":"https:\/\/veracruzanosexcepcionahles.com\/index.php\/wp-json\/wp\/v2\/users\/2"}],"replies":[{"embeddable":true,"href":"https:\/\/veracruzanosexcepcionahles.com\/index.php\/wp-json\/wp\/v2\/comments?post=5061"}],"version-history":[{"count":1,"href":"https:\/\/veracruzanosexcepcionahles.com\/index.php\/wp-json\/wp\/v2\/posts\/5061\/revisions"}],"predecessor-version":[{"id":5063,"href":"https:\/\/veracruzanosexcepcionahles.com\/index.php\/wp-json\/wp\/v2\/posts\/5061\/revisions\/5063"}],"wp:featuredmedia":[{"embeddable":true,"href":"https:\/\/veracruzanosexcepcionahles.com\/index.php\/wp-json\/wp\/v2\/media\/5062"}],"wp:attachment":[{"href":"https:\/\/veracruzanosexcepcionahles.com\/index.php\/wp-json\/wp\/v2\/media?parent=5061"}],"wp:term":[{"taxonomy":"category","embeddable":true,"href":"https:\/\/veracruzanosexcepcionahles.com\/index.php\/wp-json\/wp\/v2\/categories?post=5061"},{"taxonomy":"post_tag","embeddable":true,"href":"https:\/\/veracruzanosexcepcionahles.com\/index.php\/wp-json\/wp\/v2\/tags?post=5061"}],"curies":[{"name":"wp","href":"https:\/\/api.w.org\/{rel}","templated":true}]}}