{"id":5027,"date":"2025-02-07T14:14:57","date_gmt":"2025-02-07T20:14:57","guid":{"rendered":"https:\/\/veracruzanosexcepcionahles.com\/?p=5027"},"modified":"2025-02-07T14:14:59","modified_gmt":"2025-02-07T20:14:59","slug":"coordinacion-con-fuerzas-federales-fortalece-la-seguridad-rocio-nahle","status":"publish","type":"post","link":"https:\/\/veracruzanosexcepcionahles.com\/index.php\/2025\/02\/07\/coordinacion-con-fuerzas-federales-fortalece-la-seguridad-rocio-nahle\/","title":{"rendered":"Coordinaci\u00f3n con fuerzas federales fortalece la seguridad: Roc\u00edo Nahle"},"content":{"rendered":"\n<p>*Asiste a toma de Posesi\u00f3n y Protesta del cambio de mando en la 29\u00aa Zona Militar.<br>*Mesa de seguridad, estrategias conjuntas para combatir el delito.<br>*Seguir\u00e1 canje de armas y garantiza seguridad en elecciones.<\/p>\n\n\n\n<figure class=\"wp-block-gallery has-nested-images columns-default is-cropped wp-block-gallery-1 is-layout-flex wp-block-gallery-is-layout-flex\">\n<figure class=\"wp-block-image size-large\"><img loading=\"lazy\" decoding=\"async\" width=\"1024\" height=\"682\" data-id=\"5028\" src=\"https:\/\/veracruzanosexcepcionahles.com\/wp-content\/uploads\/2025\/02\/WhatsApp-Image-2025-02-07-at-1.03.49-PM-1-1024x682.jpeg\" alt=\"\" class=\"wp-image-5028\" srcset=\"https:\/\/veracruzanosexcepcionahles.com\/wp-content\/uploads\/2025\/02\/WhatsApp-Image-2025-02-07-at-1.03.49-PM-1-1024x682.jpeg 1024w, https:\/\/veracruzanosexcepcionahles.com\/wp-content\/uploads\/2025\/02\/WhatsApp-Image-2025-02-07-at-1.03.49-PM-1-300x200.jpeg 300w, https:\/\/veracruzanosexcepcionahles.com\/wp-content\/uploads\/2025\/02\/WhatsApp-Image-2025-02-07-at-1.03.49-PM-1-768x512.jpeg 768w, https:\/\/veracruzanosexcepcionahles.com\/wp-content\/uploads\/2025\/02\/WhatsApp-Image-2025-02-07-at-1.03.49-PM-1-1536x1023.jpeg 1536w, https:\/\/veracruzanosexcepcionahles.com\/wp-content\/uploads\/2025\/02\/WhatsApp-Image-2025-02-07-at-1.03.49-PM-1-600x400.jpeg 600w, https:\/\/veracruzanosexcepcionahles.com\/wp-content\/uploads\/2025\/02\/WhatsApp-Image-2025-02-07-at-1.03.49-PM-1.jpeg 1600w\" sizes=\"auto, (max-width: 1024px) 100vw, 1024px\" \/><\/figure>\n\n\n\n<figure class=\"wp-block-image size-large\"><img loading=\"lazy\" decoding=\"async\" width=\"1024\" height=\"682\" data-id=\"5029\" src=\"https:\/\/veracruzanosexcepcionahles.com\/wp-content\/uploads\/2025\/02\/WhatsApp-Image-2025-02-07-at-1.03.50-PM-1-1024x682.jpeg\" alt=\"\" class=\"wp-image-5029\" srcset=\"https:\/\/veracruzanosexcepcionahles.com\/wp-content\/uploads\/2025\/02\/WhatsApp-Image-2025-02-07-at-1.03.50-PM-1-1024x682.jpeg 1024w, https:\/\/veracruzanosexcepcionahles.com\/wp-content\/uploads\/2025\/02\/WhatsApp-Image-2025-02-07-at-1.03.50-PM-1-300x200.jpeg 300w, https:\/\/veracruzanosexcepcionahles.com\/wp-content\/uploads\/2025\/02\/WhatsApp-Image-2025-02-07-at-1.03.50-PM-1-768x512.jpeg 768w, https:\/\/veracruzanosexcepcionahles.com\/wp-content\/uploads\/2025\/02\/WhatsApp-Image-2025-02-07-at-1.03.50-PM-1-1536x1023.jpeg 1536w, https:\/\/veracruzanosexcepcionahles.com\/wp-content\/uploads\/2025\/02\/WhatsApp-Image-2025-02-07-at-1.03.50-PM-1-600x400.jpeg 600w, https:\/\/veracruzanosexcepcionahles.com\/wp-content\/uploads\/2025\/02\/WhatsApp-Image-2025-02-07-at-1.03.50-PM-1.jpeg 1600w\" sizes=\"auto, (max-width: 1024px) 100vw, 1024px\" \/><\/figure>\n\n\n\n<figure class=\"wp-block-image size-large\"><img loading=\"lazy\" decoding=\"async\" width=\"1024\" height=\"682\" data-id=\"5030\" src=\"https:\/\/veracruzanosexcepcionahles.com\/wp-content\/uploads\/2025\/02\/WhatsApp-Image-2025-02-07-at-1.03.48-PM-1-1024x682.jpeg\" alt=\"\" class=\"wp-image-5030\" srcset=\"https:\/\/veracruzanosexcepcionahles.com\/wp-content\/uploads\/2025\/02\/WhatsApp-Image-2025-02-07-at-1.03.48-PM-1-1024x682.jpeg 1024w, https:\/\/veracruzanosexcepcionahles.com\/wp-content\/uploads\/2025\/02\/WhatsApp-Image-2025-02-07-at-1.03.48-PM-1-300x200.jpeg 300w, https:\/\/veracruzanosexcepcionahles.com\/wp-content\/uploads\/2025\/02\/WhatsApp-Image-2025-02-07-at-1.03.48-PM-1-768x512.jpeg 768w, https:\/\/veracruzanosexcepcionahles.com\/wp-content\/uploads\/2025\/02\/WhatsApp-Image-2025-02-07-at-1.03.48-PM-1-1536x1023.jpeg 1536w, https:\/\/veracruzanosexcepcionahles.com\/wp-content\/uploads\/2025\/02\/WhatsApp-Image-2025-02-07-at-1.03.48-PM-1-600x400.jpeg 600w, https:\/\/veracruzanosexcepcionahles.com\/wp-content\/uploads\/2025\/02\/WhatsApp-Image-2025-02-07-at-1.03.48-PM-1.jpeg 1600w\" sizes=\"auto, (max-width: 1024px) 100vw, 1024px\" \/><\/figure>\n\n\n\n<figure class=\"wp-block-image size-large\"><img loading=\"lazy\" decoding=\"async\" width=\"1024\" height=\"682\" data-id=\"5031\" src=\"https:\/\/veracruzanosexcepcionahles.com\/wp-content\/uploads\/2025\/02\/WhatsApp-Image-2025-02-07-at-1.03.47-PM-1-1024x682.jpeg\" alt=\"\" class=\"wp-image-5031\" srcset=\"https:\/\/veracruzanosexcepcionahles.com\/wp-content\/uploads\/2025\/02\/WhatsApp-Image-2025-02-07-at-1.03.47-PM-1-1024x682.jpeg 1024w, https:\/\/veracruzanosexcepcionahles.com\/wp-content\/uploads\/2025\/02\/WhatsApp-Image-2025-02-07-at-1.03.47-PM-1-300x200.jpeg 300w, https:\/\/veracruzanosexcepcionahles.com\/wp-content\/uploads\/2025\/02\/WhatsApp-Image-2025-02-07-at-1.03.47-PM-1-768x512.jpeg 768w, https:\/\/veracruzanosexcepcionahles.com\/wp-content\/uploads\/2025\/02\/WhatsApp-Image-2025-02-07-at-1.03.47-PM-1-1536x1023.jpeg 1536w, https:\/\/veracruzanosexcepcionahles.com\/wp-content\/uploads\/2025\/02\/WhatsApp-Image-2025-02-07-at-1.03.47-PM-1-600x400.jpeg 600w, https:\/\/veracruzanosexcepcionahles.com\/wp-content\/uploads\/2025\/02\/WhatsApp-Image-2025-02-07-at-1.03.47-PM-1.jpeg 1600w\" sizes=\"auto, (max-width: 1024px) 100vw, 1024px\" \/><\/figure>\n<\/figure>\n\n\n\n<p>Minatitl\u00e1n, Ver., viernes 07 de febrero de 2025.\u2013 La gobernadora Roc\u00edo Nahle Garc\u00eda asisti\u00f3 a la ceremonia de Toma de Posesi\u00f3n y Protesta del nuevo comandante de la 29\u00aa Zona Militar en Minatitl\u00e1n, Antonio Alejandro Ramos Arg\u00fcello, como parte de las estrategias de seguridad y reiterando el compromiso con el bienestar de las y los veracruzanos.<\/p>\n\n\n\n<p>En entrevista con medios de comunicaci\u00f3n de la regi\u00f3n, destac\u00f3 que se atienden de manera efectiva los sucesos delictivos y que, para fortalecer la seguridad, el Gobierno de Veracruz mantiene una estrecha coordinaci\u00f3n con las secretar\u00edas de Marina y de la Defensa Nacional, la Guardia Nacional, las fiscal\u00edas estatal y federal.<\/p>\n\n\n\n<p>Como parte de esta estrategia, las mesas de seguridad se llevan a cabo en distintas regiones del estado para dar seguimiento a los casos y definir acciones conjuntas que permitan mejorar la respuesta operativa ante cualquier incidencia.<\/p>\n\n\n\n<p>Adem\u00e1s, se han implementado campa\u00f1as federales como el programa de canje de armas S\u00ed al Desarme, S\u00ed a la Paz, con el prop\u00f3sito de reducir los \u00edndices de violencia y fomentar una cultura de paz entre la poblaci\u00f3n.<\/p>\n\n\n\n<p>En el marco del actual proceso electoral, la gobernadora garantiz\u00f3 la seguridad tanto para la ciudadan\u00eda como para los precandidatos, asegurando condiciones de tranquilidad y legalidad en cada etapa del proceso.<\/p>\n\n\n\n<p>&#8212;000&#8212;<\/p>\n","protected":false},"excerpt":{"rendered":"<p>*Asiste a toma de Posesi\u00f3n y Protesta del cambio de mando en la 29\u00aa Zona Militar.*Mesa de seguridad, estrategias conjuntas para combatir el delito.*Seguir\u00e1 canje de armas y garantiza seguridad en elecciones. Minatitl\u00e1n, Ver., viernes 07 de febrero de 2025.\u2013 La gobernadora Roc\u00edo Nahle Garc\u00eda asisti\u00f3 a la ceremonia de Toma de Posesi\u00f3n y Protesta&#8230;<\/p>\n","protected":false},"author":2,"featured_media":5030,"comment_status":"closed","ping_status":"closed","sticky":false,"template":"","format":"standard","meta":{"_jetpack_memberships_contains_paid_content":false,"footnotes":"","jetpack_publicize_message":"","jetpack_publicize_feature_enabled":true,"jetpack_social_post_already_shared":true,"jetpack_social_options":{"image_generator_settings":{"template":"highway","default_image_id":0,"font":"","enabled":false},"version":2}},"categories":[23],"tags":[],"class_list":["post-5027","post","type-post","status-publish","format-standard","has-post-thumbnail","hentry","category-actividadesnahle"],"jetpack_publicize_connections":[],"jetpack_featured_media_url":"https:\/\/veracruzanosexcepcionahles.com\/wp-content\/uploads\/2025\/02\/WhatsApp-Image-2025-02-07-at-1.03.48-PM-1.jpeg","jetpack_sharing_enabled":true,"jetpack_likes_enabled":true,"jetpack_shortlink":"https:\/\/wp.me\/pe8dhK-1j5","_links":{"self":[{"href":"https:\/\/veracruzanosexcepcionahles.com\/index.php\/wp-json\/wp\/v2\/posts\/5027","targetHints":{"allow":["GET"]}}],"collection":[{"href":"https:\/\/veracruzanosexcepcionahles.com\/index.php\/wp-json\/wp\/v2\/posts"}],"about":[{"href":"https:\/\/veracruzanosexcepcionahles.com\/index.php\/wp-json\/wp\/v2\/types\/post"}],"author":[{"embeddable":true,"href":"https:\/\/veracruzanosexcepcionahles.com\/index.php\/wp-json\/wp\/v2\/users\/2"}],"replies":[{"embeddable":true,"href":"https:\/\/veracruzanosexcepcionahles.com\/index.php\/wp-json\/wp\/v2\/comments?post=5027"}],"version-history":[{"count":1,"href":"https:\/\/veracruzanosexcepcionahles.com\/index.php\/wp-json\/wp\/v2\/posts\/5027\/revisions"}],"predecessor-version":[{"id":5032,"href":"https:\/\/veracruzanosexcepcionahles.com\/index.php\/wp-json\/wp\/v2\/posts\/5027\/revisions\/5032"}],"wp:featuredmedia":[{"embeddable":true,"href":"https:\/\/veracruzanosexcepcionahles.com\/index.php\/wp-json\/wp\/v2\/media\/5030"}],"wp:attachment":[{"href":"https:\/\/veracruzanosexcepcionahles.com\/index.php\/wp-json\/wp\/v2\/media?parent=5027"}],"wp:term":[{"taxonomy":"category","embeddable":true,"href":"https:\/\/veracruzanosexcepcionahles.com\/index.php\/wp-json\/wp\/v2\/categories?post=5027"},{"taxonomy":"post_tag","embeddable":true,"href":"https:\/\/veracruzanosexcepcionahles.com\/index.php\/wp-json\/wp\/v2\/tags?post=5027"}],"curies":[{"name":"wp","href":"https:\/\/api.w.org\/{rel}","templated":true}]}}