{"id":5018,"date":"2025-02-07T14:07:49","date_gmt":"2025-02-07T20:07:49","guid":{"rendered":"https:\/\/veracruzanosexcepcionahles.com\/?p=5018"},"modified":"2025-02-07T14:07:50","modified_gmt":"2025-02-07T20:07:50","slug":"anuncia-rocio-nahle-licitacion-de-carretera-isla-santiago-tuxtla","status":"publish","type":"post","link":"https:\/\/veracruzanosexcepcionahles.com\/index.php\/2025\/02\/07\/anuncia-rocio-nahle-licitacion-de-carretera-isla-santiago-tuxtla\/","title":{"rendered":"Anuncia Roc\u00edo Nahle licitaci\u00f3n de carretera Isla-Santiago Tuxtla"},"content":{"rendered":"\n<p>*Pr\u00f3ximamente signar\u00e1 convenio con SICT para intervenir en tramos federales.<\/p>\n\n\n\n<p>Minatitl\u00e1n, Ver., viernes 07 de febrero de 2025.- La gobernadora de Veracruz, Roc\u00edo Nahle Garc\u00eda, anunci\u00f3 que est\u00e1 en marcha la licitaci\u00f3n para rehabilitar 40 kil\u00f3metros de la carretera Isla-Santiago Tuxtla, compromiso que forma parte del Programa Veracruzano de los 100 d\u00edas.<\/p>\n\n\n\n<p>En entrevista con medios locales, destac\u00f3 que esta obra es prioritaria y la primera que anunci\u00f3 al asumir el cargo, por lo que su ejecuci\u00f3n iniciar\u00e1 este a\u00f1o; para dar seguimiento a este y otros proyectos, mantiene una agenda activa con la Secretar\u00eda de Infraestructura y Obras P\u00fablicas (SIOP).<\/p>\n\n\n\n<p>Asimismo, inform\u00f3 que el Gobierno del Estado establecer\u00e1 un convenio de colaboraci\u00f3n con la Secretar\u00eda de Infraestructura, Comunicaciones y Transportes (SICT) para que la SIOP pueda intervenir en tramos carreteros que requieren mantenimiento.<\/p>\n\n\n\n<p>\u201cRecientemente recorr\u00ed la carretera P\u00e1nuco-Tantoyuca y recib\u00ed solicitudes de reparaci\u00f3n. Habl\u00e9 con el secretario Jes\u00fas Antonio Esteva Medina, quien me propuso formalizar un convenio para fortalecer los trabajos de rehabilitaci\u00f3n. Actualmente estamos avanzando en ese acuerdo\u201d, explic\u00f3.<\/p>\n\n\n\n<p>Por otro lado, mencion\u00f3 que la Comisi\u00f3n de Agua del Estado de Veracruz (CAEV) ha logrado importantes avances con el programa Bachet\u00f3n y Fugat\u00f3n, y agreg\u00f3 que pr\u00f3ximamente atender\u00e1 la rehabilitaci\u00f3n de caminos rurales y sacacosechas, una demanda constante de los ganaderos.<\/p>\n\n\n\n<p>&#8211;000&#8212;<\/p>\n","protected":false},"excerpt":{"rendered":"<p>*Pr\u00f3ximamente signar\u00e1 convenio con SICT para intervenir en tramos federales. Minatitl\u00e1n, Ver., viernes 07 de febrero de 2025.- La gobernadora de Veracruz, Roc\u00edo Nahle Garc\u00eda, anunci\u00f3 que est\u00e1 en marcha la licitaci\u00f3n para rehabilitar 40 kil\u00f3metros de la carretera Isla-Santiago Tuxtla, compromiso que forma parte del Programa Veracruzano de los 100 d\u00edas. En entrevista con&#8230;<\/p>\n","protected":false},"author":2,"featured_media":5019,"comment_status":"closed","ping_status":"closed","sticky":false,"template":"","format":"standard","meta":{"_jetpack_memberships_contains_paid_content":false,"footnotes":"","jetpack_publicize_message":"","jetpack_publicize_feature_enabled":true,"jetpack_social_post_already_shared":true,"jetpack_social_options":{"image_generator_settings":{"template":"highway","default_image_id":0,"font":"","enabled":false},"version":2}},"categories":[23],"tags":[],"class_list":["post-5018","post","type-post","status-publish","format-standard","has-post-thumbnail","hentry","category-actividadesnahle"],"jetpack_publicize_connections":[],"jetpack_featured_media_url":"https:\/\/veracruzanosexcepcionahles.com\/wp-content\/uploads\/2025\/02\/WhatsApp-Image-2025-02-07-at-1.16.54-PM.jpeg","jetpack_sharing_enabled":true,"jetpack_likes_enabled":true,"jetpack_shortlink":"https:\/\/wp.me\/pe8dhK-1iW","_links":{"self":[{"href":"https:\/\/veracruzanosexcepcionahles.com\/index.php\/wp-json\/wp\/v2\/posts\/5018","targetHints":{"allow":["GET"]}}],"collection":[{"href":"https:\/\/veracruzanosexcepcionahles.com\/index.php\/wp-json\/wp\/v2\/posts"}],"about":[{"href":"https:\/\/veracruzanosexcepcionahles.com\/index.php\/wp-json\/wp\/v2\/types\/post"}],"author":[{"embeddable":true,"href":"https:\/\/veracruzanosexcepcionahles.com\/index.php\/wp-json\/wp\/v2\/users\/2"}],"replies":[{"embeddable":true,"href":"https:\/\/veracruzanosexcepcionahles.com\/index.php\/wp-json\/wp\/v2\/comments?post=5018"}],"version-history":[{"count":2,"href":"https:\/\/veracruzanosexcepcionahles.com\/index.php\/wp-json\/wp\/v2\/posts\/5018\/revisions"}],"predecessor-version":[{"id":5021,"href":"https:\/\/veracruzanosexcepcionahles.com\/index.php\/wp-json\/wp\/v2\/posts\/5018\/revisions\/5021"}],"wp:featuredmedia":[{"embeddable":true,"href":"https:\/\/veracruzanosexcepcionahles.com\/index.php\/wp-json\/wp\/v2\/media\/5019"}],"wp:attachment":[{"href":"https:\/\/veracruzanosexcepcionahles.com\/index.php\/wp-json\/wp\/v2\/media?parent=5018"}],"wp:term":[{"taxonomy":"category","embeddable":true,"href":"https:\/\/veracruzanosexcepcionahles.com\/index.php\/wp-json\/wp\/v2\/categories?post=5018"},{"taxonomy":"post_tag","embeddable":true,"href":"https:\/\/veracruzanosexcepcionahles.com\/index.php\/wp-json\/wp\/v2\/tags?post=5018"}],"curies":[{"name":"wp","href":"https:\/\/api.w.org\/{rel}","templated":true}]}}