{"id":5003,"date":"2025-02-06T17:35:15","date_gmt":"2025-02-06T23:35:15","guid":{"rendered":"https:\/\/veracruzanosexcepcionahles.com\/?p=5003"},"modified":"2025-02-06T17:35:16","modified_gmt":"2025-02-06T23:35:16","slug":"veracruz-hace-historia-realizan-con-exito-la-primera-cirugia-fetal-en-hospital-publico","status":"publish","type":"post","link":"https:\/\/veracruzanosexcepcionahles.com\/index.php\/2025\/02\/06\/veracruz-hace-historia-realizan-con-exito-la-primera-cirugia-fetal-en-hospital-publico\/","title":{"rendered":"Veracruz hace historia: realizan con \u00e9xito la primera cirug\u00eda fetal en hospital p\u00fablico"},"content":{"rendered":"\n<p>*En el CAE operan con \u00e9xito a beb\u00e9 con espina b\u00edfida antes de nacer.<\/p>\n\n\n\n<p>Xalapa, Ver., jueves 06 de febrero de 2025.\u2013 Gracias a un diagn\u00f3stico oportuno en atenci\u00f3n primaria, especialistas del Centro de Alta Especialidad (CAE) Dr. Rafael Lucio realizaron con \u00e9xito la primera cirug\u00eda fetal en Veracruz, interviniendo a una paciente con 26.2 semanas de gestaci\u00f3n para corregir un caso de mielomeningocele (espina b\u00edfida).<\/p>\n\n\n\n<p>La paciente, Mar\u00eda Guadalupe Espinoza Hern\u00e1ndez, de 33 a\u00f1os y originaria de Las Vigas de Ram\u00edrez, fue referida al CAE, donde se confirm\u00f3 la malformaci\u00f3n fetal y se le brind\u00f3 informaci\u00f3n sobre la posibilidad de una intervenci\u00f3n quir\u00fargica.<\/p>\n\n\n\n<p>Paralelamente, recibi\u00f3 atenci\u00f3n en la consulta de embarazo de alto riesgo y fue monitoreada por especialistas en neurolog\u00eda debido a su diagn\u00f3stico de epilepsia.<\/p>\n\n\n\n<p>\u201cLa cirug\u00eda fetal tiene distintos objetivos, como tratamiento, prevenci\u00f3n y paliaci\u00f3n. No todas las pacientes son candidatas, ya que deben cumplir criterios m\u00e9dicos y quir\u00fargicos muy espec\u00edficos\u201d, explic\u00f3 la jefa del Servicio de Ginecolog\u00eda del CAE, Berenice Venegas Espinoza.<\/p>\n\n\n\n<p>En tanto la subespecialista en Medicina Materno-Fetal, Am\u00e9rica P\u00e9rez, destac\u00f3 la importancia del diagn\u00f3stico temprano. \u201cEste caso se identific\u00f3 en el primer trimestre, entre las semanas 11 y 13, periodo clave para la detecci\u00f3n de malformaciones cong\u00e9nitas y la toma de decisiones m\u00e9dicas oportunas\u201d.<\/p>\n\n\n\n<p>A nivel institucional, la cirug\u00eda fetal no es com\u00fan en M\u00e9xico debido a su alto costo, en Veracruz, se llev\u00f3 a cabo por primera vez en un hospital p\u00fablico gracias al apoyo de la Secretar\u00eda de Salud, la infraestructura hospitalaria y el equipo de especialistas del CAE.<\/p>\n\n\n\n<p>\u201cGracias a Dios todo sali\u00f3 bien, espero que m\u00e1s mujeres tengan acceso a este tipo de atenci\u00f3n, porque es un procedimiento muy caro y aqu\u00ed me lo brindaron sin costo\u201d, expres\u00f3 Mar\u00eda Guadalupe, quien se encuentra en recuperaci\u00f3n en el \u00e1rea de Gineco-Obstetricia.<\/p>\n\n\n\n<p>&#8212;000&#8212;<\/p>\n","protected":false},"excerpt":{"rendered":"<p>*En el CAE operan con \u00e9xito a beb\u00e9 con espina b\u00edfida antes de nacer. Xalapa, Ver., jueves 06 de febrero de 2025.\u2013 Gracias a un diagn\u00f3stico oportuno en atenci\u00f3n primaria, especialistas del Centro de Alta Especialidad (CAE) Dr. Rafael Lucio realizaron con \u00e9xito la primera cirug\u00eda fetal en Veracruz, interviniendo a una paciente con 26.2&#8230;<\/p>\n","protected":false},"author":2,"featured_media":5004,"comment_status":"closed","ping_status":"closed","sticky":false,"template":"","format":"standard","meta":{"_jetpack_memberships_contains_paid_content":false,"footnotes":"","jetpack_publicize_message":"","jetpack_publicize_feature_enabled":true,"jetpack_social_post_already_shared":true,"jetpack_social_options":{"image_generator_settings":{"template":"highway","default_image_id":0,"font":"","enabled":false},"version":2}},"categories":[2],"tags":[],"class_list":["post-5003","post","type-post","status-publish","format-standard","has-post-thumbnail","hentry","category-gobiernoestatal"],"jetpack_publicize_connections":[],"jetpack_featured_media_url":"https:\/\/veracruzanosexcepcionahles.com\/wp-content\/uploads\/2025\/02\/WhatsApp-Image-2025-02-06-at-11.39.50-AM.jpeg","jetpack_sharing_enabled":true,"jetpack_likes_enabled":true,"jetpack_shortlink":"https:\/\/wp.me\/pe8dhK-1iH","_links":{"self":[{"href":"https:\/\/veracruzanosexcepcionahles.com\/index.php\/wp-json\/wp\/v2\/posts\/5003","targetHints":{"allow":["GET"]}}],"collection":[{"href":"https:\/\/veracruzanosexcepcionahles.com\/index.php\/wp-json\/wp\/v2\/posts"}],"about":[{"href":"https:\/\/veracruzanosexcepcionahles.com\/index.php\/wp-json\/wp\/v2\/types\/post"}],"author":[{"embeddable":true,"href":"https:\/\/veracruzanosexcepcionahles.com\/index.php\/wp-json\/wp\/v2\/users\/2"}],"replies":[{"embeddable":true,"href":"https:\/\/veracruzanosexcepcionahles.com\/index.php\/wp-json\/wp\/v2\/comments?post=5003"}],"version-history":[{"count":1,"href":"https:\/\/veracruzanosexcepcionahles.com\/index.php\/wp-json\/wp\/v2\/posts\/5003\/revisions"}],"predecessor-version":[{"id":5005,"href":"https:\/\/veracruzanosexcepcionahles.com\/index.php\/wp-json\/wp\/v2\/posts\/5003\/revisions\/5005"}],"wp:featuredmedia":[{"embeddable":true,"href":"https:\/\/veracruzanosexcepcionahles.com\/index.php\/wp-json\/wp\/v2\/media\/5004"}],"wp:attachment":[{"href":"https:\/\/veracruzanosexcepcionahles.com\/index.php\/wp-json\/wp\/v2\/media?parent=5003"}],"wp:term":[{"taxonomy":"category","embeddable":true,"href":"https:\/\/veracruzanosexcepcionahles.com\/index.php\/wp-json\/wp\/v2\/categories?post=5003"},{"taxonomy":"post_tag","embeddable":true,"href":"https:\/\/veracruzanosexcepcionahles.com\/index.php\/wp-json\/wp\/v2\/tags?post=5003"}],"curies":[{"name":"wp","href":"https:\/\/api.w.org\/{rel}","templated":true}]}}