{"id":4964,"date":"2025-02-04T16:49:26","date_gmt":"2025-02-04T22:49:26","guid":{"rendered":"https:\/\/veracruzanosexcepcionahles.com\/?p=4964"},"modified":"2025-02-04T16:49:27","modified_gmt":"2025-02-04T22:49:27","slug":"preinscripcion-a-educacion-basica-sin-condiciones-ni-cuotas","status":"publish","type":"post","link":"https:\/\/veracruzanosexcepcionahles.com\/index.php\/2025\/02\/04\/preinscripcion-a-educacion-basica-sin-condiciones-ni-cuotas\/","title":{"rendered":"Preinscripci\u00f3n a Educaci\u00f3n B\u00e1sica sin condiciones ni cuotas"},"content":{"rendered":"\n<p>*Madres, padres y tutores pueden denunciar irregularidades.<br>*SEV garantiza inclusi\u00f3n, diversidad y respeto al derecho a la formaci\u00f3n.<\/p>\n\n\n\n<p>Xalapa, Ver., martes 04 de febrero de 2025.- La preinscripci\u00f3n a Educaci\u00f3n B\u00e1sica no est\u00e1 sujeta a aportaciones econ\u00f3micas, en especie o a cualquier otro condicionante, de lo contrario, se violar\u00eda el precepto constitucional y legal que establece la gratuidad de la ense\u00f1anza y el car\u00e1cter voluntario de dichas aportaciones.<\/p>\n\n\n\n<p>La Secretar\u00eda de Educaci\u00f3n de Veracruz (SEV) solicita a madres, padres de familia y tutores notificar cualquier irregularidad a la supervisi\u00f3n escolar o jefatura de sector correspondiente durante el proceso, que se lleva a cabo del 4 al 14 de febrero en escuelas p\u00fablicas y privadas.<\/p>\n\n\n\n<p>La preinscripci\u00f3n est\u00e1 abierta para todas y todos los solicitantes, sin discriminaci\u00f3n por origen \u00e9tnico, lengua, discapacidad o religion, ya que es prioridad favorecer la inclusi\u00f3n, la diversidad y el respeto al derecho a la educaci\u00f3n, asegurando las mismas oportunidades para todas las ni\u00f1as, ni\u00f1os y adolescentes.<\/p>\n\n\n\n<p>Preescolar: se dar\u00e1 prioridad a infantes de cuatro y cinco a\u00f1os cumplidos al 31 de diciembre del presente a\u00f1o para su ingreso a segundo y tercer grado, respectivamente.<\/p>\n\n\n\n<p>Primaria: podr\u00e1n preinscribirse a primer grado quienes cumplan seis a\u00f1os de edad al 31 de diciembre del presente a\u00f1o.<\/p>\n\n\n\n<p>Secundaria, podr\u00e1n preinscribirse al primer grado:<br>\u2022 Estudiantes que est\u00e9n cursando sexto grado de primaria o que ya hayan egresado de este nivel.<br>\u2022 Aspirantes de entre 12 y 14 a\u00f1os en las modalidades de secundaria General o T\u00e9cnica.<br>\u2022 Menores de 15 a\u00f1os en la modalidad de Telesecundaria.<\/p>\n\n\n\n<p>&#8212;000&#8212;<\/p>\n","protected":false},"excerpt":{"rendered":"<p>*Madres, padres y tutores pueden denunciar irregularidades.*SEV garantiza inclusi\u00f3n, diversidad y respeto al derecho a la formaci\u00f3n. Xalapa, Ver., martes 04 de febrero de 2025.- La preinscripci\u00f3n a Educaci\u00f3n B\u00e1sica no est\u00e1 sujeta a aportaciones econ\u00f3micas, en especie o a cualquier otro condicionante, de lo contrario, se violar\u00eda el precepto constitucional y legal que establece&#8230;<\/p>\n","protected":false},"author":2,"featured_media":4965,"comment_status":"closed","ping_status":"closed","sticky":false,"template":"","format":"standard","meta":{"_jetpack_memberships_contains_paid_content":false,"footnotes":"","jetpack_publicize_message":"","jetpack_publicize_feature_enabled":true,"jetpack_social_post_already_shared":true,"jetpack_social_options":{"image_generator_settings":{"template":"highway","default_image_id":0,"font":"","enabled":false},"version":2}},"categories":[2],"tags":[],"class_list":["post-4964","post","type-post","status-publish","format-standard","has-post-thumbnail","hentry","category-gobiernoestatal"],"jetpack_publicize_connections":[],"jetpack_featured_media_url":"https:\/\/veracruzanosexcepcionahles.com\/wp-content\/uploads\/2025\/02\/WhatsApp-Image-2025-02-04-at-4.43.07-PM.jpeg","jetpack_sharing_enabled":true,"jetpack_likes_enabled":true,"jetpack_shortlink":"https:\/\/wp.me\/pe8dhK-1i4","_links":{"self":[{"href":"https:\/\/veracruzanosexcepcionahles.com\/index.php\/wp-json\/wp\/v2\/posts\/4964","targetHints":{"allow":["GET"]}}],"collection":[{"href":"https:\/\/veracruzanosexcepcionahles.com\/index.php\/wp-json\/wp\/v2\/posts"}],"about":[{"href":"https:\/\/veracruzanosexcepcionahles.com\/index.php\/wp-json\/wp\/v2\/types\/post"}],"author":[{"embeddable":true,"href":"https:\/\/veracruzanosexcepcionahles.com\/index.php\/wp-json\/wp\/v2\/users\/2"}],"replies":[{"embeddable":true,"href":"https:\/\/veracruzanosexcepcionahles.com\/index.php\/wp-json\/wp\/v2\/comments?post=4964"}],"version-history":[{"count":1,"href":"https:\/\/veracruzanosexcepcionahles.com\/index.php\/wp-json\/wp\/v2\/posts\/4964\/revisions"}],"predecessor-version":[{"id":4966,"href":"https:\/\/veracruzanosexcepcionahles.com\/index.php\/wp-json\/wp\/v2\/posts\/4964\/revisions\/4966"}],"wp:featuredmedia":[{"embeddable":true,"href":"https:\/\/veracruzanosexcepcionahles.com\/index.php\/wp-json\/wp\/v2\/media\/4965"}],"wp:attachment":[{"href":"https:\/\/veracruzanosexcepcionahles.com\/index.php\/wp-json\/wp\/v2\/media?parent=4964"}],"wp:term":[{"taxonomy":"category","embeddable":true,"href":"https:\/\/veracruzanosexcepcionahles.com\/index.php\/wp-json\/wp\/v2\/categories?post=4964"},{"taxonomy":"post_tag","embeddable":true,"href":"https:\/\/veracruzanosexcepcionahles.com\/index.php\/wp-json\/wp\/v2\/tags?post=4964"}],"curies":[{"name":"wp","href":"https:\/\/api.w.org\/{rel}","templated":true}]}}