{"id":4945,"date":"2025-01-31T16:58:30","date_gmt":"2025-01-31T22:58:30","guid":{"rendered":"https:\/\/veracruzanosexcepcionahles.com\/?p=4945"},"modified":"2025-01-31T16:58:32","modified_gmt":"2025-01-31T22:58:32","slug":"alianza-estrategica-para-capacitar-a-trabajadores-y-fortalecer-el-sector-productivo","status":"publish","type":"post","link":"https:\/\/veracruzanosexcepcionahles.com\/index.php\/2025\/01\/31\/alianza-estrategica-para-capacitar-a-trabajadores-y-fortalecer-el-sector-productivo\/","title":{"rendered":"Alianza estrat\u00e9gica para capacitar a trabajadores y fortalecer el sector productivo"},"content":{"rendered":"\n<p>>Desarrollar\u00e1 formaci\u00f3n alineada con la demanda del mercado laboral.<\/p>\n\n\n\n<p><strong>Xalapa, Ver., viernes 31 de enero de 2024.-<\/strong> Para impulsar la capacitaci\u00f3n laboral y fortalecer la vinculaci\u00f3n entre el sector productivo y la poblaci\u00f3n trabajadora, las Secretar\u00edas de Desarrollo Econ\u00f3mico y Portuario (SEDECOP), de Trabajo, Previsi\u00f3n Social y Productividad (STPSP), y el Instituto de Capacitaci\u00f3n para el Trabajo del Estado de Veracruz firmaron un convenio de colaboraci\u00f3n.<\/p>\n\n\n\n<p>Los objetivos son detectar y atender las necesidades de capacitaci\u00f3n del sector productivo, desarrollar programas de formaci\u00f3n alineados con la demanda del mercado laboral y facilitar el enlace entre trabajadores y empleadores mediante capacitaci\u00f3n especializada.<\/p>\n\n\n\n<p>Al destacar el impacto positivo que tendr\u00e1 esta cooperaci\u00f3n interinstitucional, el titular de la SEDECOP, Ernesto P\u00e9rez Astorga, subray\u00f3 que el acuerdo es una acci\u00f3n clave para fortalecer la econom\u00eda del estado y brindar mayores oportunidades a la poblaci\u00f3n veracruzana.<\/p>\n\n\n\n<p>&#8220;Es un reflejo de nuestro compromiso con el desarrollo econ\u00f3mico y el bienestar de nuestros ciudadanos, asegurando que cuenten con las herramientas y conocimientos necesarios para integrarse de manera efectiva al mercado laboral&#8221;, afirm\u00f3.<\/p>\n\n\n\n<p>Por su parte, el titular de la Secretar\u00eda de Trabajo, Luis Arturo Santiago Mart\u00ednez, resalt\u00f3 la importancia de la capacitaci\u00f3n t\u00e9cnica como un motor de desarrollo y reiter\u00f3 el compromiso de la gobernadora Roc\u00edo Nahle Garc\u00eda con la mejora de las condiciones laborales de la poblaci\u00f3n para garantizar un futuro laboral m\u00e1s s\u00f3lido.<\/p>\n","protected":false},"excerpt":{"rendered":"<p>>Desarrollar\u00e1 formaci\u00f3n alineada con la demanda del mercado laboral. Xalapa, Ver., viernes 31 de enero de 2024.- Para impulsar la capacitaci\u00f3n laboral y fortalecer la vinculaci\u00f3n entre el sector productivo y la poblaci\u00f3n trabajadora, las Secretar\u00edas de Desarrollo Econ\u00f3mico y Portuario (SEDECOP), de Trabajo, Previsi\u00f3n Social y Productividad (STPSP), y el Instituto de Capacitaci\u00f3n para&#8230;<\/p>\n","protected":false},"author":2,"featured_media":4946,"comment_status":"closed","ping_status":"closed","sticky":false,"template":"","format":"standard","meta":{"_jetpack_memberships_contains_paid_content":false,"footnotes":"","jetpack_publicize_message":"","jetpack_publicize_feature_enabled":true,"jetpack_social_post_already_shared":true,"jetpack_social_options":{"image_generator_settings":{"template":"highway","default_image_id":0,"font":"","enabled":false},"version":2}},"categories":[2],"tags":[],"class_list":["post-4945","post","type-post","status-publish","format-standard","has-post-thumbnail","hentry","category-gobiernoestatal"],"jetpack_publicize_connections":[],"jetpack_featured_media_url":"https:\/\/veracruzanosexcepcionahles.com\/wp-content\/uploads\/2025\/01\/WhatsApp-Image-2025-01-31-at-4.52.16-PM.jpeg","jetpack_sharing_enabled":true,"jetpack_likes_enabled":true,"jetpack_shortlink":"https:\/\/wp.me\/pe8dhK-1hL","_links":{"self":[{"href":"https:\/\/veracruzanosexcepcionahles.com\/index.php\/wp-json\/wp\/v2\/posts\/4945","targetHints":{"allow":["GET"]}}],"collection":[{"href":"https:\/\/veracruzanosexcepcionahles.com\/index.php\/wp-json\/wp\/v2\/posts"}],"about":[{"href":"https:\/\/veracruzanosexcepcionahles.com\/index.php\/wp-json\/wp\/v2\/types\/post"}],"author":[{"embeddable":true,"href":"https:\/\/veracruzanosexcepcionahles.com\/index.php\/wp-json\/wp\/v2\/users\/2"}],"replies":[{"embeddable":true,"href":"https:\/\/veracruzanosexcepcionahles.com\/index.php\/wp-json\/wp\/v2\/comments?post=4945"}],"version-history":[{"count":1,"href":"https:\/\/veracruzanosexcepcionahles.com\/index.php\/wp-json\/wp\/v2\/posts\/4945\/revisions"}],"predecessor-version":[{"id":4947,"href":"https:\/\/veracruzanosexcepcionahles.com\/index.php\/wp-json\/wp\/v2\/posts\/4945\/revisions\/4947"}],"wp:featuredmedia":[{"embeddable":true,"href":"https:\/\/veracruzanosexcepcionahles.com\/index.php\/wp-json\/wp\/v2\/media\/4946"}],"wp:attachment":[{"href":"https:\/\/veracruzanosexcepcionahles.com\/index.php\/wp-json\/wp\/v2\/media?parent=4945"}],"wp:term":[{"taxonomy":"category","embeddable":true,"href":"https:\/\/veracruzanosexcepcionahles.com\/index.php\/wp-json\/wp\/v2\/categories?post=4945"},{"taxonomy":"post_tag","embeddable":true,"href":"https:\/\/veracruzanosexcepcionahles.com\/index.php\/wp-json\/wp\/v2\/tags?post=4945"}],"curies":[{"name":"wp","href":"https:\/\/api.w.org\/{rel}","templated":true}]}}