{"id":4927,"date":"2025-01-31T16:36:01","date_gmt":"2025-01-31T22:36:01","guid":{"rendered":"https:\/\/veracruzanosexcepcionahles.com\/?p=4927"},"modified":"2025-01-31T16:36:03","modified_gmt":"2025-01-31T22:36:03","slug":"estrategia-de-seguridad-conjunta-y-eficiente-en-todo-el-estado-garantiza-rocio-nahle","status":"publish","type":"post","link":"https:\/\/veracruzanosexcepcionahles.com\/index.php\/2025\/01\/31\/estrategia-de-seguridad-conjunta-y-eficiente-en-todo-el-estado-garantiza-rocio-nahle\/","title":{"rendered":"Estrategia de seguridad conjunta y eficiente en todo el estado garantiza Roc\u00edo Nahle"},"content":{"rendered":"\n<p>*Hoy se habla de turismo, empleo, inversiones y de un Estado de derecho.<br>*M\u00e1s educaci\u00f3n y prevenci\u00f3n: la apuesta contra la delincuencia.<br>*Veracruz participa en la campa\u00f1a nacional Al\u00e9jate de las drogas. El fentanilo te mata, dirigida a los mejores y j\u00f3venes.<\/p>\n\n\n\n<p>Coatzintla, Ver., viernes 31 de enero de 2025.- Tras encabezar la Mesa de Seguridad en este municipio, la gobernadora de Veracruz, Roc\u00edo Nahle Garc\u00eda, asegur\u00f3 que la estrategia establecida para garantizar la integridad de las y los veracruzanos es permanente.<\/p>\n\n\n\n<p>Reconoci\u00f3 que aunque se han suscitado hechos en municipios como Poza Rica, todo el norte se est\u00e1 atendiendo y cuidando con un mecanismo ordenado y puntual integrado por los tres \u00f3rdenes de gobierno.<\/p>\n\n\n\n<p>\u201cVamos a cuidar el norte, vamos a cuidar cada municipio, cada espacio, todos los d\u00edas estamos atendiendo\u201d.<\/p>\n\n\n\n<p>En entrevista con medios de comunicaci\u00f3n de la zona norte, la Ejecutiva destac\u00f3 por ejemplo, que a dos meses de asumir el cargo, los homicidios dolosos han disminuido gracias a la coordinaci\u00f3n efectiva entre las instituciones de seguridad.<\/p>\n\n\n\n<p>Subray\u00f3 que su administraci\u00f3n mantiene un enfoque prioritario en la prevenci\u00f3n y atenci\u00f3n a la juventud como parte fundamental para garantizar el Estado de derecho y fortalecer la paz.<\/p>\n\n\n\n<p>Explic\u00f3 que estas mesas se han realizado en Coatzacoalcos, C\u00f3rdoba, Minatitl\u00e1n, Orizaba, Veracruz, Xalapa, y pr\u00f3ximamente sesionar\u00e1n en Poza Rica y Tuxpan, consolidando un trabajo articulado en todo el estado.<\/p>\n\n\n\n<p>\u201cQueremos que Veracruz sea reconocido por su turismo, desarrollo econ\u00f3mico e inversiones y para lograrlo, trabajamos de manera articulada con las secretar\u00edas de la Defensa Nacional y Marina, de Seguridad P\u00fablica y la Guardia Nacional\u201d.<\/p>\n\n\n\n<p>Asimismo, resalt\u00f3 la colaboraci\u00f3n con las fiscal\u00edas General de la Rep\u00fablica y del Estado para fortalecer el acceso a la justicia y evitar fallas en la integraci\u00f3n de expedientes que obstaculicen el debido proceso.<\/p>\n\n\n\n<p>\u201cVamos a hacer las cosas bien para que no haya impunidad\u201d, agreg\u00f3.<\/p>\n\n\n\n<p>Nahle Garc\u00eda reiter\u00f3 que su gobierno atiende las causas estructurales de la violencia mediante programas de educaci\u00f3n y bienestar dirigidos a la juventud, bajo la direcci\u00f3n de la presidenta Claudia Sheinbaum.<\/p>\n\n\n\n<p>En este sentido, anunci\u00f3 la implementaci\u00f3n de la campa\u00f1a nacional y permanente Al\u00e9jate de las drogas. El fentanilo te mata, con el objetivo de concientizar a estudiantes y padres de familia sobre los riesgos del consumo de sustancias il\u00edcitas.<\/p>\n\n\n\n<p>&#8212;000&#8212;<\/p>\n","protected":false},"excerpt":{"rendered":"<p>*Hoy se habla de turismo, empleo, inversiones y de un Estado de derecho.*M\u00e1s educaci\u00f3n y prevenci\u00f3n: la apuesta contra la delincuencia.*Veracruz participa en la campa\u00f1a nacional Al\u00e9jate de las drogas. El fentanilo te mata, dirigida a los mejores y j\u00f3venes. Coatzintla, Ver., viernes 31 de enero de 2025.- Tras encabezar la Mesa de Seguridad en&#8230;<\/p>\n","protected":false},"author":2,"featured_media":4928,"comment_status":"closed","ping_status":"closed","sticky":false,"template":"","format":"standard","meta":{"_jetpack_memberships_contains_paid_content":false,"footnotes":"","jetpack_publicize_message":"","jetpack_publicize_feature_enabled":true,"jetpack_social_post_already_shared":true,"jetpack_social_options":{"image_generator_settings":{"template":"highway","default_image_id":0,"font":"","enabled":false},"version":2}},"categories":[23],"tags":[],"class_list":["post-4927","post","type-post","status-publish","format-standard","has-post-thumbnail","hentry","category-actividadesnahle"],"jetpack_publicize_connections":[],"jetpack_featured_media_url":"https:\/\/veracruzanosexcepcionahles.com\/wp-content\/uploads\/2025\/01\/WhatsApp-Image-2025-01-31-at-2.30.33-PM.jpeg","jetpack_sharing_enabled":true,"jetpack_likes_enabled":true,"jetpack_shortlink":"https:\/\/wp.me\/pe8dhK-1ht","_links":{"self":[{"href":"https:\/\/veracruzanosexcepcionahles.com\/index.php\/wp-json\/wp\/v2\/posts\/4927","targetHints":{"allow":["GET"]}}],"collection":[{"href":"https:\/\/veracruzanosexcepcionahles.com\/index.php\/wp-json\/wp\/v2\/posts"}],"about":[{"href":"https:\/\/veracruzanosexcepcionahles.com\/index.php\/wp-json\/wp\/v2\/types\/post"}],"author":[{"embeddable":true,"href":"https:\/\/veracruzanosexcepcionahles.com\/index.php\/wp-json\/wp\/v2\/users\/2"}],"replies":[{"embeddable":true,"href":"https:\/\/veracruzanosexcepcionahles.com\/index.php\/wp-json\/wp\/v2\/comments?post=4927"}],"version-history":[{"count":1,"href":"https:\/\/veracruzanosexcepcionahles.com\/index.php\/wp-json\/wp\/v2\/posts\/4927\/revisions"}],"predecessor-version":[{"id":4929,"href":"https:\/\/veracruzanosexcepcionahles.com\/index.php\/wp-json\/wp\/v2\/posts\/4927\/revisions\/4929"}],"wp:featuredmedia":[{"embeddable":true,"href":"https:\/\/veracruzanosexcepcionahles.com\/index.php\/wp-json\/wp\/v2\/media\/4928"}],"wp:attachment":[{"href":"https:\/\/veracruzanosexcepcionahles.com\/index.php\/wp-json\/wp\/v2\/media?parent=4927"}],"wp:term":[{"taxonomy":"category","embeddable":true,"href":"https:\/\/veracruzanosexcepcionahles.com\/index.php\/wp-json\/wp\/v2\/categories?post=4927"},{"taxonomy":"post_tag","embeddable":true,"href":"https:\/\/veracruzanosexcepcionahles.com\/index.php\/wp-json\/wp\/v2\/tags?post=4927"}],"curies":[{"name":"wp","href":"https:\/\/api.w.org\/{rel}","templated":true}]}}