{"id":4883,"date":"2025-01-30T10:47:54","date_gmt":"2025-01-30T16:47:54","guid":{"rendered":"https:\/\/veracruzanosexcepcionahles.com\/?p=4883"},"modified":"2025-01-30T10:47:56","modified_gmt":"2025-01-30T16:47:56","slug":"la-candelaria-oportunidad-para-promover-la-riqueza-cultural-y-turistica-de-veracruz","status":"publish","type":"post","link":"https:\/\/veracruzanosexcepcionahles.com\/index.php\/2025\/01\/30\/la-candelaria-oportunidad-para-promover-la-riqueza-cultural-y-turistica-de-veracruz\/","title":{"rendered":"La Candelaria: oportunidad para promover la riqueza cultural y tur\u00edstica de Veracruz"},"content":{"rendered":"\n<p>*La Gobernadora confirma asistencia el 2 de febrero.<\/p>\n\n\n\n<p>Xalapa, Ver., jueves 30 de enero de 2025.- La gobernadora Roc\u00edo Nahle Garc\u00eda confirm\u00f3 su participaci\u00f3n en las fiestas de La Candelaria, Celebraci\u00f3n de Amor, Son y Legado, el pr\u00f3ximo 2 de febrero, una de las celebraciones m\u00e1s emblem\u00e1ticas de Veracruz, reconocida por su riqueza cultural y atractivo tur\u00edstico.<\/p>\n\n\n\n<p>En entrevista con La Voz Amiga de Cosamaloapan, destac\u00f3 que la regi\u00f3n es un destino ideal para atraer visitantes tanto nacionales como internacionales, subrayando que su administraci\u00f3n ha fortalecido la difusi\u00f3n de esta festividad.<\/p>\n\n\n\n<p>&#8220;Tlacotalpan, por s\u00ed solo, es un referente tur\u00edstico, pero estamos reforzando su promoci\u00f3n para que m\u00e1s personas vivan la experiencia de esta festividad tan representativa&#8221;, se\u00f1al\u00f3.<\/p>\n\n\n\n<p>Las principales actividades tradicionales son las cabalgatas, el embalse de toros, la pamplonada, as\u00ed como las Ma\u00f1anitas y el Paseo de la Virgen, realizadas con un enfoque de respeto y bienestar animal.<\/p>\n\n\n\n<p>&#8220;Estas son celebraciones profundamente arraigadas en nuestra cultura, y hemos avanzado mucho en garantizar que se lleven a cabo de manera responsable&#8221;, afirm\u00f3.<\/p>\n\n\n\n<p>Finalmente, la Gobernadora reiter\u00f3 su compromiso con la preservaci\u00f3n de las tradiciones y el impulso al turismo como motor del desarrollo econ\u00f3mico en Veracruz.<\/p>\n","protected":false},"excerpt":{"rendered":"<p>*La Gobernadora confirma asistencia el 2 de febrero. Xalapa, Ver., jueves 30 de enero de 2025.- La gobernadora Roc\u00edo Nahle Garc\u00eda confirm\u00f3 su participaci\u00f3n en las fiestas de La Candelaria, Celebraci\u00f3n de Amor, Son y Legado, el pr\u00f3ximo 2 de febrero, una de las celebraciones m\u00e1s emblem\u00e1ticas de Veracruz, reconocida por su riqueza cultural y&#8230;<\/p>\n","protected":false},"author":2,"featured_media":4884,"comment_status":"closed","ping_status":"closed","sticky":false,"template":"","format":"standard","meta":{"_jetpack_memberships_contains_paid_content":false,"footnotes":"","jetpack_publicize_message":"","jetpack_publicize_feature_enabled":true,"jetpack_social_post_already_shared":true,"jetpack_social_options":{"image_generator_settings":{"template":"highway","default_image_id":0,"font":"","enabled":false},"version":2}},"categories":[23],"tags":[],"class_list":["post-4883","post","type-post","status-publish","format-standard","has-post-thumbnail","hentry","category-actividadesnahle"],"jetpack_publicize_connections":[],"jetpack_featured_media_url":"https:\/\/veracruzanosexcepcionahles.com\/wp-content\/uploads\/2025\/01\/WhatsApp-Image-2025-01-30-at-10.45.40-AM-1.jpeg","jetpack_sharing_enabled":true,"jetpack_likes_enabled":true,"jetpack_shortlink":"https:\/\/wp.me\/pe8dhK-1gL","_links":{"self":[{"href":"https:\/\/veracruzanosexcepcionahles.com\/index.php\/wp-json\/wp\/v2\/posts\/4883","targetHints":{"allow":["GET"]}}],"collection":[{"href":"https:\/\/veracruzanosexcepcionahles.com\/index.php\/wp-json\/wp\/v2\/posts"}],"about":[{"href":"https:\/\/veracruzanosexcepcionahles.com\/index.php\/wp-json\/wp\/v2\/types\/post"}],"author":[{"embeddable":true,"href":"https:\/\/veracruzanosexcepcionahles.com\/index.php\/wp-json\/wp\/v2\/users\/2"}],"replies":[{"embeddable":true,"href":"https:\/\/veracruzanosexcepcionahles.com\/index.php\/wp-json\/wp\/v2\/comments?post=4883"}],"version-history":[{"count":1,"href":"https:\/\/veracruzanosexcepcionahles.com\/index.php\/wp-json\/wp\/v2\/posts\/4883\/revisions"}],"predecessor-version":[{"id":4885,"href":"https:\/\/veracruzanosexcepcionahles.com\/index.php\/wp-json\/wp\/v2\/posts\/4883\/revisions\/4885"}],"wp:featuredmedia":[{"embeddable":true,"href":"https:\/\/veracruzanosexcepcionahles.com\/index.php\/wp-json\/wp\/v2\/media\/4884"}],"wp:attachment":[{"href":"https:\/\/veracruzanosexcepcionahles.com\/index.php\/wp-json\/wp\/v2\/media?parent=4883"}],"wp:term":[{"taxonomy":"category","embeddable":true,"href":"https:\/\/veracruzanosexcepcionahles.com\/index.php\/wp-json\/wp\/v2\/categories?post=4883"},{"taxonomy":"post_tag","embeddable":true,"href":"https:\/\/veracruzanosexcepcionahles.com\/index.php\/wp-json\/wp\/v2\/tags?post=4883"}],"curies":[{"name":"wp","href":"https:\/\/api.w.org\/{rel}","templated":true}]}}