{"id":4870,"date":"2025-01-29T16:31:35","date_gmt":"2025-01-29T22:31:35","guid":{"rendered":"https:\/\/veracruzanosexcepcionahles.com\/?p=4870"},"modified":"2025-01-29T16:31:37","modified_gmt":"2025-01-29T22:31:37","slug":"aportacion-de-veracruz-para-transformar-la-ensenanza-sera-presentada-a-nivel-nacional","status":"publish","type":"post","link":"https:\/\/veracruzanosexcepcionahles.com\/index.php\/2025\/01\/29\/aportacion-de-veracruz-para-transformar-la-ensenanza-sera-presentada-a-nivel-nacional\/","title":{"rendered":"Aportaci\u00f3n de Veracruz para transformar la ense\u00f1anza ser\u00e1 presentada a nivel nacional"},"content":{"rendered":"\n<p>*Este viernes, durante el Consejo T\u00e9cnico Escolar.<br>*El modelo responde a la realidad local y nacional.<\/p>\n\n\n\n<p>Xalapa, Ver., mi\u00e9rcoles 29 de enero de 2025.- El material pedag\u00f3gico Metodolog\u00edas para el trabajo por proyectos, desarrollado por las investigadoras Lydia Espinosa Ger\u00f3nimo y Lucila Galv\u00e1n Mora, ser\u00e1 presentado a nivel nacional durante la Cuarta Sesi\u00f3n Ordinaria del Consejo T\u00e9cnico Escolar (CTE) este viernes.<\/p>\n\n\n\n<p>Con esta aportaci\u00f3n, Veracruz se posiciona como un referente en la creaci\u00f3n de un modelo que responde a las nuevas realidades y contribuye a la preparaci\u00f3n de los docentes, tras ser avalado por la Secretar\u00eda de Educaci\u00f3n P\u00fablica (SEP).<\/p>\n\n\n\n<p>La aportaci\u00f3n, fue dise\u00f1ada por las integrantes de la Red Tem\u00e1tica de Investigaci\u00f3n en Educaci\u00f3n Rural, centra la participaci\u00f3n activa de los estudiantes y est\u00e1 alineado con la Nueva Escuela Mexicana, aplic\u00e1ndose en preescolar, primaria y secundaria.<\/p>\n\n\n\n<p>Est\u00e1 basado en experiencias locales documentadas en escuelas unitarias de experimentaci\u00f3n pedag\u00f3gica, anexas a la Benem\u00e9rita Escuela Normal Veracruzana Enrique C. R\u00e9bsamen, en Xalapa, donde han trabajado durante m\u00e1s de dos d\u00e9cadas.<\/p>\n\n\n\n<p>Adem\u00e1s, el modelo fomenta formas de trabajo abiertas, flexibles y din\u00e1micas, adaptadas al contexto de los estudiantes, lo que facilita el tiempo de los docentes y ofrece soluciones a diversas problem\u00e1ticas.<\/p>\n\n\n\n<p>La secretaria de Educaci\u00f3n de Veracruz, Claudia Tello Espinosa, felicit\u00f3 a las investigadoras por su valiosa aportaci\u00f3n al sistema de ense\u00f1anza nacional, lo que representa un paso importante hacia el avance de la excelencia pedag\u00f3gica.<\/p>\n\n\n\n<p>&#8212;000&#8212;<\/p>\n","protected":false},"excerpt":{"rendered":"<p>*Este viernes, durante el Consejo T\u00e9cnico Escolar.*El modelo responde a la realidad local y nacional. Xalapa, Ver., mi\u00e9rcoles 29 de enero de 2025.- El material pedag\u00f3gico Metodolog\u00edas para el trabajo por proyectos, desarrollado por las investigadoras Lydia Espinosa Ger\u00f3nimo y Lucila Galv\u00e1n Mora, ser\u00e1 presentado a nivel nacional durante la Cuarta Sesi\u00f3n Ordinaria del Consejo&#8230;<\/p>\n","protected":false},"author":2,"featured_media":4871,"comment_status":"closed","ping_status":"closed","sticky":false,"template":"","format":"standard","meta":{"_jetpack_memberships_contains_paid_content":false,"footnotes":"","jetpack_publicize_message":"","jetpack_publicize_feature_enabled":true,"jetpack_social_post_already_shared":true,"jetpack_social_options":{"image_generator_settings":{"template":"highway","default_image_id":0,"font":"","enabled":false},"version":2}},"categories":[2],"tags":[],"class_list":["post-4870","post","type-post","status-publish","format-standard","has-post-thumbnail","hentry","category-gobiernoestatal"],"jetpack_publicize_connections":[],"jetpack_featured_media_url":"https:\/\/veracruzanosexcepcionahles.com\/wp-content\/uploads\/2025\/01\/WhatsApp-Image-2025-01-29-at-2.58.20-PM.jpeg","jetpack_sharing_enabled":true,"jetpack_likes_enabled":true,"jetpack_shortlink":"https:\/\/wp.me\/pe8dhK-1gy","_links":{"self":[{"href":"https:\/\/veracruzanosexcepcionahles.com\/index.php\/wp-json\/wp\/v2\/posts\/4870","targetHints":{"allow":["GET"]}}],"collection":[{"href":"https:\/\/veracruzanosexcepcionahles.com\/index.php\/wp-json\/wp\/v2\/posts"}],"about":[{"href":"https:\/\/veracruzanosexcepcionahles.com\/index.php\/wp-json\/wp\/v2\/types\/post"}],"author":[{"embeddable":true,"href":"https:\/\/veracruzanosexcepcionahles.com\/index.php\/wp-json\/wp\/v2\/users\/2"}],"replies":[{"embeddable":true,"href":"https:\/\/veracruzanosexcepcionahles.com\/index.php\/wp-json\/wp\/v2\/comments?post=4870"}],"version-history":[{"count":1,"href":"https:\/\/veracruzanosexcepcionahles.com\/index.php\/wp-json\/wp\/v2\/posts\/4870\/revisions"}],"predecessor-version":[{"id":4872,"href":"https:\/\/veracruzanosexcepcionahles.com\/index.php\/wp-json\/wp\/v2\/posts\/4870\/revisions\/4872"}],"wp:featuredmedia":[{"embeddable":true,"href":"https:\/\/veracruzanosexcepcionahles.com\/index.php\/wp-json\/wp\/v2\/media\/4871"}],"wp:attachment":[{"href":"https:\/\/veracruzanosexcepcionahles.com\/index.php\/wp-json\/wp\/v2\/media?parent=4870"}],"wp:term":[{"taxonomy":"category","embeddable":true,"href":"https:\/\/veracruzanosexcepcionahles.com\/index.php\/wp-json\/wp\/v2\/categories?post=4870"},{"taxonomy":"post_tag","embeddable":true,"href":"https:\/\/veracruzanosexcepcionahles.com\/index.php\/wp-json\/wp\/v2\/tags?post=4870"}],"curies":[{"name":"wp","href":"https:\/\/api.w.org\/{rel}","templated":true}]}}