{"id":4840,"date":"2025-01-28T17:06:33","date_gmt":"2025-01-28T23:06:33","guid":{"rendered":"https:\/\/veracruzanosexcepcionahles.com\/?p=4840"},"modified":"2025-01-28T17:06:34","modified_gmt":"2025-01-28T23:06:34","slug":"sev-da-banderazo-de-salida-a-la-primera-mision-del-programa-vasconcelos","status":"publish","type":"post","link":"https:\/\/veracruzanosexcepcionahles.com\/index.php\/2025\/01\/28\/sev-da-banderazo-de-salida-a-la-primera-mision-del-programa-vasconcelos\/","title":{"rendered":"SEV da banderazo de salida a la primera misi\u00f3n del Programa Vasconcelos"},"content":{"rendered":"\n<p>>Veracruz apuesta por la inclusi\u00f3n digital en la educaci\u00f3n.<\/p>\n\n\n\n<p>&gt;Adapt\u00f3 materiales a formatos digitales, braille y Lengua de Se\u00f1as Mexicana.<\/p>\n\n\n\n<p><strong>Xalapa, Ver., martes 28 de enero de 2025.\u2013<\/strong> A partir de hoy, el Programa Vasconcelos de la Secretar\u00eda de Educaci\u00f3n de Veracruz (SEV) acerca la cultura digital a 250 estudiantes de la escuela primaria vespertina Antonio Chedraui Caram, en la localidad Guadalupe Victoria, municipio de San Andr\u00e9s Tlalnelhuayocan.<\/p>\n\n\n\n<p>Durante dos semanas, dos aulas m\u00f3viles equipadas con tecnolog\u00eda les brindar\u00e1n acceso a herramientas digitales y aprendizaje en Tecnolog\u00edas de la Informaci\u00f3n y Comunicaci\u00f3n, con un enfoque humanista e integral, adaptado a las necesidades de la comunidad.<\/p>\n\n\n\n<p>En representaci\u00f3n de la titular de la SEV, Claudia Tello Espinosa, la subsecretaria de Desarrollo Educativo, Rosalba Valencia Cruz, dio el banderazo de salida a la primera misi\u00f3n de la estrategia en la administraci\u00f3n de la gobernadora Roc\u00edo Nahle Garc\u00eda, deseando el mejor de los \u00e9xitos.<\/p>\n\n\n\n<p>Por su parte, la coordinadora del Programa Vasconcelos, Adriana Vel\u00e1squez Flores, destac\u00f3 que, en l\u00ednea con los principios de transformaci\u00f3n social de la Nueva Escuela Mexicana, la SEV adopt\u00f3 los materiales a formatos digitales, braille y Lengua de Se\u00f1as Mexicana.<\/p>\n\n\n\n<p>En Veracruz, la educaci\u00f3n con sentido humano es un pilar fundamental para el desarrollo de las comunidades, y la distancia no es un obst\u00e1culo para que la ni\u00f1ez acceda a conocimientos que potencien sus capacidades y les brinden herramientas para construir un mejor futuro.<\/p>\n","protected":false},"excerpt":{"rendered":"<p>>Veracruz apuesta por la inclusi\u00f3n digital en la educaci\u00f3n. &gt;Adapt\u00f3 materiales a formatos digitales, braille y Lengua de Se\u00f1as Mexicana. Xalapa, Ver., martes 28 de enero de 2025.\u2013 A partir de hoy, el Programa Vasconcelos de la Secretar\u00eda de Educaci\u00f3n de Veracruz (SEV) acerca la cultura digital a 250 estudiantes de la escuela primaria vespertina&#8230;<\/p>\n","protected":false},"author":2,"featured_media":4841,"comment_status":"closed","ping_status":"closed","sticky":false,"template":"","format":"standard","meta":{"_jetpack_memberships_contains_paid_content":false,"footnotes":"","jetpack_publicize_message":"","jetpack_publicize_feature_enabled":true,"jetpack_social_post_already_shared":true,"jetpack_social_options":{"image_generator_settings":{"template":"highway","default_image_id":0,"font":"","enabled":false},"version":2}},"categories":[2],"tags":[],"class_list":["post-4840","post","type-post","status-publish","format-standard","has-post-thumbnail","hentry","category-gobiernoestatal"],"jetpack_publicize_connections":[],"jetpack_featured_media_url":"https:\/\/veracruzanosexcepcionahles.com\/wp-content\/uploads\/2025\/01\/WhatsApp-Image-2025-01-28-at-3.18.18-PM.jpeg","jetpack_sharing_enabled":true,"jetpack_likes_enabled":true,"jetpack_shortlink":"https:\/\/wp.me\/pe8dhK-1g4","_links":{"self":[{"href":"https:\/\/veracruzanosexcepcionahles.com\/index.php\/wp-json\/wp\/v2\/posts\/4840","targetHints":{"allow":["GET"]}}],"collection":[{"href":"https:\/\/veracruzanosexcepcionahles.com\/index.php\/wp-json\/wp\/v2\/posts"}],"about":[{"href":"https:\/\/veracruzanosexcepcionahles.com\/index.php\/wp-json\/wp\/v2\/types\/post"}],"author":[{"embeddable":true,"href":"https:\/\/veracruzanosexcepcionahles.com\/index.php\/wp-json\/wp\/v2\/users\/2"}],"replies":[{"embeddable":true,"href":"https:\/\/veracruzanosexcepcionahles.com\/index.php\/wp-json\/wp\/v2\/comments?post=4840"}],"version-history":[{"count":1,"href":"https:\/\/veracruzanosexcepcionahles.com\/index.php\/wp-json\/wp\/v2\/posts\/4840\/revisions"}],"predecessor-version":[{"id":4842,"href":"https:\/\/veracruzanosexcepcionahles.com\/index.php\/wp-json\/wp\/v2\/posts\/4840\/revisions\/4842"}],"wp:featuredmedia":[{"embeddable":true,"href":"https:\/\/veracruzanosexcepcionahles.com\/index.php\/wp-json\/wp\/v2\/media\/4841"}],"wp:attachment":[{"href":"https:\/\/veracruzanosexcepcionahles.com\/index.php\/wp-json\/wp\/v2\/media?parent=4840"}],"wp:term":[{"taxonomy":"category","embeddable":true,"href":"https:\/\/veracruzanosexcepcionahles.com\/index.php\/wp-json\/wp\/v2\/categories?post=4840"},{"taxonomy":"post_tag","embeddable":true,"href":"https:\/\/veracruzanosexcepcionahles.com\/index.php\/wp-json\/wp\/v2\/tags?post=4840"}],"curies":[{"name":"wp","href":"https:\/\/api.w.org\/{rel}","templated":true}]}}