{"id":4834,"date":"2025-01-28T16:42:12","date_gmt":"2025-01-28T22:42:12","guid":{"rendered":"https:\/\/veracruzanosexcepcionahles.com\/?p=4834"},"modified":"2025-01-28T16:42:14","modified_gmt":"2025-01-28T22:42:14","slug":"atiende-caev-fuga-de-agua-en-tuxpan","status":"publish","type":"post","link":"https:\/\/veracruzanosexcepcionahles.com\/index.php\/2025\/01\/28\/atiende-caev-fuga-de-agua-en-tuxpan\/","title":{"rendered":"Atiende CAEV fuga de agua en Tuxpan"},"content":{"rendered":"\n<p><strong>Tuxpan, Ver., martes 28 de enero de 2025.-<\/strong> La CAEV atiende puntualmente la reparaci\u00f3n de la fuga agua potable que se registr\u00f3 en la comunidad de Alto Lucero, municipio de Tuxpan, misma que ya fue controlada.<\/p>\n\n\n\n<p>El hecho provoc\u00f3 la suspensi\u00f3n temporal del suministro del vital l\u00edquido para el Sector Colonias y Sector Centro.<\/p>\n\n\n\n<p>La l\u00ednea de distribuci\u00f3n fue afectada por una empresa particular que lleva a cabo la pavimentaci\u00f3n de la calle Lorenzo Anz\u00faa, de la colonia Emiliano Zapata de esta localidad.<\/p>\n\n\n\n<p>La oficina operadora de la CAEV-TUXPAN, calcula que en el transcurso de este martes y ma\u00f1ana mi\u00e9rcoles, se restablecer\u00e1 el abastecimiento con normalidad.<\/p>\n\n\n\n<p>La Comisi\u00f3n del Agua del Estado de Veracruz agradece a los usuarios la comprensi\u00f3n y exhorta a utilizar el agua de manera responsable.<\/p>\n\n\n\n<p>&#8212;000&#8212;<\/p>\n","protected":false},"excerpt":{"rendered":"<p>Tuxpan, Ver., martes 28 de enero de 2025.- La CAEV atiende puntualmente la reparaci\u00f3n de la fuga agua potable que se registr\u00f3 en la comunidad de Alto Lucero, municipio de Tuxpan, misma que ya fue controlada. El hecho provoc\u00f3 la suspensi\u00f3n temporal del suministro del vital l\u00edquido para el Sector Colonias y Sector Centro. La&#8230;<\/p>\n","protected":false},"author":2,"featured_media":4835,"comment_status":"closed","ping_status":"closed","sticky":false,"template":"","format":"standard","meta":{"_jetpack_memberships_contains_paid_content":false,"footnotes":"","jetpack_publicize_message":"","jetpack_publicize_feature_enabled":true,"jetpack_social_post_already_shared":true,"jetpack_social_options":{"image_generator_settings":{"template":"highway","default_image_id":0,"font":"","enabled":false},"version":2}},"categories":[2],"tags":[],"class_list":["post-4834","post","type-post","status-publish","format-standard","has-post-thumbnail","hentry","category-gobiernoestatal"],"jetpack_publicize_connections":[],"jetpack_featured_media_url":"https:\/\/veracruzanosexcepcionahles.com\/wp-content\/uploads\/2025\/01\/WhatsApp-Image-2025-01-28-at-4.30.11-PM.jpeg","jetpack_sharing_enabled":true,"jetpack_likes_enabled":true,"jetpack_shortlink":"https:\/\/wp.me\/pe8dhK-1fY","_links":{"self":[{"href":"https:\/\/veracruzanosexcepcionahles.com\/index.php\/wp-json\/wp\/v2\/posts\/4834","targetHints":{"allow":["GET"]}}],"collection":[{"href":"https:\/\/veracruzanosexcepcionahles.com\/index.php\/wp-json\/wp\/v2\/posts"}],"about":[{"href":"https:\/\/veracruzanosexcepcionahles.com\/index.php\/wp-json\/wp\/v2\/types\/post"}],"author":[{"embeddable":true,"href":"https:\/\/veracruzanosexcepcionahles.com\/index.php\/wp-json\/wp\/v2\/users\/2"}],"replies":[{"embeddable":true,"href":"https:\/\/veracruzanosexcepcionahles.com\/index.php\/wp-json\/wp\/v2\/comments?post=4834"}],"version-history":[{"count":1,"href":"https:\/\/veracruzanosexcepcionahles.com\/index.php\/wp-json\/wp\/v2\/posts\/4834\/revisions"}],"predecessor-version":[{"id":4836,"href":"https:\/\/veracruzanosexcepcionahles.com\/index.php\/wp-json\/wp\/v2\/posts\/4834\/revisions\/4836"}],"wp:featuredmedia":[{"embeddable":true,"href":"https:\/\/veracruzanosexcepcionahles.com\/index.php\/wp-json\/wp\/v2\/media\/4835"}],"wp:attachment":[{"href":"https:\/\/veracruzanosexcepcionahles.com\/index.php\/wp-json\/wp\/v2\/media?parent=4834"}],"wp:term":[{"taxonomy":"category","embeddable":true,"href":"https:\/\/veracruzanosexcepcionahles.com\/index.php\/wp-json\/wp\/v2\/categories?post=4834"},{"taxonomy":"post_tag","embeddable":true,"href":"https:\/\/veracruzanosexcepcionahles.com\/index.php\/wp-json\/wp\/v2\/tags?post=4834"}],"curies":[{"name":"wp","href":"https:\/\/api.w.org\/{rel}","templated":true}]}}