{"id":4828,"date":"2025-01-28T12:25:52","date_gmt":"2025-01-28T18:25:52","guid":{"rendered":"https:\/\/veracruzanosexcepcionahles.com\/?p=4828"},"modified":"2025-01-28T12:25:53","modified_gmt":"2025-01-28T18:25:53","slug":"ante-eliminacion-del-ivai-organos-de-control-aseguraran-la-transparencia-gobernadora-rocio-nahle","status":"publish","type":"post","link":"https:\/\/veracruzanosexcepcionahles.com\/index.php\/2025\/01\/28\/ante-eliminacion-del-ivai-organos-de-control-aseguraran-la-transparencia-gobernadora-rocio-nahle\/","title":{"rendered":"Ante eliminaci\u00f3n del IVAI, \u00f3rganos de control asegurar\u00e1n la transparencia: gobernadora Roc\u00edo Nahle"},"content":{"rendered":"\n<p>>Apuesta por la eficiencia y reducci\u00f3n de gastos administrativos.<\/p>\n\n\n\n<p><strong>Xalapa, Ver., martes 28 de enero de 2025.- <\/strong>El Gobierno de Veracruz est\u00e1 preparado para las modificaciones legislativas relacionadas con la desaparici\u00f3n del Instituto Veracruzano de Acceso a la Informaci\u00f3n y Protecci\u00f3n de Datos Personales (IVAI), asegur\u00f3 la gobernadora Roc\u00edo Nahle Garc\u00eda.<\/p>\n\n\n\n<p>En declaraciones para Avanradio Xalapa, record\u00f3 que en la entidad ya se cuenta con el \u00d3rgano de Fiscalizaci\u00f3n Superior, la Contralor\u00eda General del Estado y que cada dependencia tiene un \u00d3rgano de Control Interno (OIC), lo que garantiza la transparencia en el ejercicio de los recursos p\u00fablicos.<\/p>\n\n\n\n<p>Explic\u00f3 que, al igual que en el \u00e1mbito federal, tras la eliminaci\u00f3n del Instituto Nacional de Transparencia, Acceso a la Informaci\u00f3n y Protecci\u00f3n de Datos Personales ser\u00e1 compensada con la intervenci\u00f3n de los \u00f3rganos de control.<\/p>\n\n\n\n<p>\u201cLa idea es reducir el gasto en dependencias y hacer m\u00e1s eficiente el gobierno, destinando mayores recursos a infraestructura, como carreteras, escuelas y hospitales, en beneficio de la poblaci\u00f3n\u201d, destac\u00f3.<\/p>\n\n\n\n<p>Finalmente, la Mandataria subray\u00f3 que la simplificaci\u00f3n administrativa es una demanda ciudadana que permitir\u00e1 agilizar tr\u00e1mites y mejorar la atenci\u00f3n a la ciudadan\u00eda.<\/p>\n\n\n\n<p><a><\/a>\u2014000\u2014<\/p>\n","protected":false},"excerpt":{"rendered":"<p>>Apuesta por la eficiencia y reducci\u00f3n de gastos administrativos. Xalapa, Ver., martes 28 de enero de 2025.- El Gobierno de Veracruz est\u00e1 preparado para las modificaciones legislativas relacionadas con la desaparici\u00f3n del Instituto Veracruzano de Acceso a la Informaci\u00f3n y Protecci\u00f3n de Datos Personales (IVAI), asegur\u00f3 la gobernadora Roc\u00edo Nahle Garc\u00eda. En declaraciones para Avanradio&#8230;<\/p>\n","protected":false},"author":2,"featured_media":4829,"comment_status":"closed","ping_status":"closed","sticky":false,"template":"","format":"standard","meta":{"_jetpack_memberships_contains_paid_content":false,"footnotes":"","jetpack_publicize_message":"","jetpack_publicize_feature_enabled":true,"jetpack_social_post_already_shared":true,"jetpack_social_options":{"image_generator_settings":{"template":"highway","default_image_id":0,"font":"","enabled":false},"version":2}},"categories":[23],"tags":[],"class_list":["post-4828","post","type-post","status-publish","format-standard","has-post-thumbnail","hentry","category-actividadesnahle"],"jetpack_publicize_connections":[],"jetpack_featured_media_url":"https:\/\/veracruzanosexcepcionahles.com\/wp-content\/uploads\/2025\/01\/WhatsApp-Image-2025-01-28-at-11.57.42-AM.jpeg","jetpack_sharing_enabled":true,"jetpack_likes_enabled":true,"jetpack_shortlink":"https:\/\/wp.me\/pe8dhK-1fS","_links":{"self":[{"href":"https:\/\/veracruzanosexcepcionahles.com\/index.php\/wp-json\/wp\/v2\/posts\/4828","targetHints":{"allow":["GET"]}}],"collection":[{"href":"https:\/\/veracruzanosexcepcionahles.com\/index.php\/wp-json\/wp\/v2\/posts"}],"about":[{"href":"https:\/\/veracruzanosexcepcionahles.com\/index.php\/wp-json\/wp\/v2\/types\/post"}],"author":[{"embeddable":true,"href":"https:\/\/veracruzanosexcepcionahles.com\/index.php\/wp-json\/wp\/v2\/users\/2"}],"replies":[{"embeddable":true,"href":"https:\/\/veracruzanosexcepcionahles.com\/index.php\/wp-json\/wp\/v2\/comments?post=4828"}],"version-history":[{"count":1,"href":"https:\/\/veracruzanosexcepcionahles.com\/index.php\/wp-json\/wp\/v2\/posts\/4828\/revisions"}],"predecessor-version":[{"id":4830,"href":"https:\/\/veracruzanosexcepcionahles.com\/index.php\/wp-json\/wp\/v2\/posts\/4828\/revisions\/4830"}],"wp:featuredmedia":[{"embeddable":true,"href":"https:\/\/veracruzanosexcepcionahles.com\/index.php\/wp-json\/wp\/v2\/media\/4829"}],"wp:attachment":[{"href":"https:\/\/veracruzanosexcepcionahles.com\/index.php\/wp-json\/wp\/v2\/media?parent=4828"}],"wp:term":[{"taxonomy":"category","embeddable":true,"href":"https:\/\/veracruzanosexcepcionahles.com\/index.php\/wp-json\/wp\/v2\/categories?post=4828"},{"taxonomy":"post_tag","embeddable":true,"href":"https:\/\/veracruzanosexcepcionahles.com\/index.php\/wp-json\/wp\/v2\/tags?post=4828"}],"curies":[{"name":"wp","href":"https:\/\/api.w.org\/{rel}","templated":true}]}}