{"id":4785,"date":"2025-01-24T17:10:37","date_gmt":"2025-01-24T23:10:37","guid":{"rendered":"https:\/\/veracruzanosexcepcionahles.com\/?p=4785"},"modified":"2025-01-24T17:10:39","modified_gmt":"2025-01-24T23:10:39","slug":"avanza-proyecto-de-eficiencia-administrativa-de-la-sev","status":"publish","type":"post","link":"https:\/\/veracruzanosexcepcionahles.com\/index.php\/2025\/01\/24\/avanza-proyecto-de-eficiencia-administrativa-de-la-sev\/","title":{"rendered":"Avanza\u00a0 Proyecto de Eficiencia Administrativa de la SEV"},"content":{"rendered":"\n<p>>Mejorar\u00e1 la atenci\u00f3n y los procedimientos operativos.<\/p>\n\n\n\n<p>&gt;Responde a enfoque de la Nueva Escuela Mexicana.<\/p>\n\n\n\n<p><strong>Xalapa, Ver., viernes 24 de enero de 2025.- <\/strong>En su esfuerzo por simplificar los tr\u00e1mites burocr\u00e1ticos para el magisterio, el Gobierno de Veracruz, mediante la Secretar\u00eda de Educaci\u00f3n de Veracruz (SEV) y la Contralor\u00eda General del Estado, trabaja en el proyecto interno de reestructuraci\u00f3n y eficiencia administrativa de la dependencia.<\/p>\n\n\n\n<p>En una reuni\u00f3n, los titulares de las dependencias, Claudia Tello Espinosa y Ram\u00f3n Santos Navarro, destacaron la importancia de este proceso para la optimizaci\u00f3n de los servicios para el magisterio y las comunidades educativas.<\/p>\n\n\n\n<p>Lo anterior, busca mejorar, adem\u00e1s de la atenci\u00f3n a los usuarios del sistema, agilizar los procedimientos operativos con el fin de no retrasar la labor de las y los maestros.<\/p>\n\n\n\n<p>Con ello, se pretende obtener mayores resultados y beneficios para las ni\u00f1as, ni\u00f1os y j\u00f3venes de Veracruz, a trav\u00e9s de una educaci\u00f3n humanista como se establece en la Nueva Escuela Mexicana.<\/p>\n\n\n\n<p>La titular de la SEV, puntualiz\u00f3 que, de acuerdo con la l\u00ednea de trabajo de la gobernadora Roc\u00edo Nahle Garc\u00eda, desarrollan estrategias que permitir\u00e1n encauzar a la entidad hacia la excelencia educativa.<\/p>\n\n\n\n<p>&#8212;000&#8212;<\/p>\n","protected":false},"excerpt":{"rendered":"<p>>Mejorar\u00e1 la atenci\u00f3n y los procedimientos operativos. &gt;Responde a enfoque de la Nueva Escuela Mexicana. Xalapa, Ver., viernes 24 de enero de 2025.- En su esfuerzo por simplificar los tr\u00e1mites burocr\u00e1ticos para el magisterio, el Gobierno de Veracruz, mediante la Secretar\u00eda de Educaci\u00f3n de Veracruz (SEV) y la Contralor\u00eda General del Estado, trabaja en el&#8230;<\/p>\n","protected":false},"author":2,"featured_media":4786,"comment_status":"closed","ping_status":"closed","sticky":false,"template":"","format":"standard","meta":{"_jetpack_memberships_contains_paid_content":false,"footnotes":"","jetpack_publicize_message":"","jetpack_publicize_feature_enabled":true,"jetpack_social_post_already_shared":true,"jetpack_social_options":{"image_generator_settings":{"template":"highway","default_image_id":0,"font":"","enabled":false},"version":2}},"categories":[2],"tags":[],"class_list":["post-4785","post","type-post","status-publish","format-standard","has-post-thumbnail","hentry","category-gobiernoestatal"],"jetpack_publicize_connections":[],"jetpack_featured_media_url":"https:\/\/veracruzanosexcepcionahles.com\/wp-content\/uploads\/2025\/01\/WhatsApp-Image-2025-01-24-at-3.55.24-PM.jpeg","jetpack_sharing_enabled":true,"jetpack_likes_enabled":true,"jetpack_shortlink":"https:\/\/wp.me\/pe8dhK-1fb","_links":{"self":[{"href":"https:\/\/veracruzanosexcepcionahles.com\/index.php\/wp-json\/wp\/v2\/posts\/4785","targetHints":{"allow":["GET"]}}],"collection":[{"href":"https:\/\/veracruzanosexcepcionahles.com\/index.php\/wp-json\/wp\/v2\/posts"}],"about":[{"href":"https:\/\/veracruzanosexcepcionahles.com\/index.php\/wp-json\/wp\/v2\/types\/post"}],"author":[{"embeddable":true,"href":"https:\/\/veracruzanosexcepcionahles.com\/index.php\/wp-json\/wp\/v2\/users\/2"}],"replies":[{"embeddable":true,"href":"https:\/\/veracruzanosexcepcionahles.com\/index.php\/wp-json\/wp\/v2\/comments?post=4785"}],"version-history":[{"count":1,"href":"https:\/\/veracruzanosexcepcionahles.com\/index.php\/wp-json\/wp\/v2\/posts\/4785\/revisions"}],"predecessor-version":[{"id":4787,"href":"https:\/\/veracruzanosexcepcionahles.com\/index.php\/wp-json\/wp\/v2\/posts\/4785\/revisions\/4787"}],"wp:featuredmedia":[{"embeddable":true,"href":"https:\/\/veracruzanosexcepcionahles.com\/index.php\/wp-json\/wp\/v2\/media\/4786"}],"wp:attachment":[{"href":"https:\/\/veracruzanosexcepcionahles.com\/index.php\/wp-json\/wp\/v2\/media?parent=4785"}],"wp:term":[{"taxonomy":"category","embeddable":true,"href":"https:\/\/veracruzanosexcepcionahles.com\/index.php\/wp-json\/wp\/v2\/categories?post=4785"},{"taxonomy":"post_tag","embeddable":true,"href":"https:\/\/veracruzanosexcepcionahles.com\/index.php\/wp-json\/wp\/v2\/tags?post=4785"}],"curies":[{"name":"wp","href":"https:\/\/api.w.org\/{rel}","templated":true}]}}