{"id":4768,"date":"2025-01-24T16:41:24","date_gmt":"2025-01-24T22:41:24","guid":{"rendered":"https:\/\/veracruzanosexcepcionahles.com\/?p=4768"},"modified":"2025-01-24T16:41:26","modified_gmt":"2025-01-24T22:41:26","slug":"esperanza-y-calidez-llegan-a-huayacocotla-y-zacualpan-con-la-caravana-abrigando-corazones","status":"publish","type":"post","link":"https:\/\/veracruzanosexcepcionahles.com\/index.php\/2025\/01\/24\/esperanza-y-calidez-llegan-a-huayacocotla-y-zacualpan-con-la-caravana-abrigando-corazones\/","title":{"rendered":"Esperanza y calidez llegan a Huayacocotla y Zacualpan con la Caravana Abrigando Corazones"},"content":{"rendered":"\n<p>>Familias reciben apoyo integral ante temporada invernal.<\/p>\n\n\n\n<p><strong>Huayacocotla, Ver., viernes 24 de enero de 2025.- <\/strong>Para proteger a las familias m\u00e1s vulnerables de las bajas temperaturas, el Gobierno de Veracruz llev\u00f3 la Caravana Abrigando Corazones a la Huasteca, donde se ofrecieron servicios m\u00e9dicos, insumos y cobertores para garantizar abrigo y bienestar a quienes m\u00e1s lo necesitan.<\/p>\n\n\n\n<p>En esta tercera jornada, resultaron beneficiadas familias de las comunidades de Palo Hueco y Palo Bendito, en Huayacocotla, as\u00ed como de Canalejas de Otates, en Zacualpan.<\/p>\n\n\n\n<p>Este esfuerzo integral es posible gracias a las secretar\u00edas de Desarrollo Social, Protecci\u00f3n Civil, Salud, Seguridad P\u00fablica y Gobierno, as\u00ed como del Sistema Estatal para el Desarrollo Integral de la Familia. Tambi\u00e9n destaca la participaci\u00f3n de los ayuntamientos y la invaluable coordinaci\u00f3n con la Secretar\u00eda de la Defensa Nacional del Gobierno Federal.<\/p>\n\n\n\n<p>Durante los meses de enero y febrero, se continuar\u00e1 recorriendo diversas localidades, brindando no solo asistencia m\u00e9dica y apoyos materiales, sino tambi\u00e9n un mensaje de solidaridad y esperanza a las familias que enfrentan condiciones clim\u00e1ticas adversas.<\/p>\n\n\n\n<p>Desde su inicio en el municipio de Las Vigas, la Caravana ha llevado apoyo a la regi\u00f3n monta\u00f1osa de Zongolica y, ahora, extiende su alcance al norte del estado, como parte del Programa Veracruzano de los 100 d\u00edas de la gobernadora Roc\u00edo Nahle Garc\u00eda, una estrategia enfocada en atender las necesidades m\u00e1s urgentes.<\/p>\n","protected":false},"excerpt":{"rendered":"<p>>Familias reciben apoyo integral ante temporada invernal. Huayacocotla, Ver., viernes 24 de enero de 2025.- Para proteger a las familias m\u00e1s vulnerables de las bajas temperaturas, el Gobierno de Veracruz llev\u00f3 la Caravana Abrigando Corazones a la Huasteca, donde se ofrecieron servicios m\u00e9dicos, insumos y cobertores para garantizar abrigo y bienestar a quienes m\u00e1s lo&#8230;<\/p>\n","protected":false},"author":2,"featured_media":4769,"comment_status":"closed","ping_status":"closed","sticky":false,"template":"","format":"standard","meta":{"_jetpack_memberships_contains_paid_content":false,"footnotes":"","jetpack_publicize_message":"","jetpack_publicize_feature_enabled":true,"jetpack_social_post_already_shared":true,"jetpack_social_options":{"image_generator_settings":{"template":"highway","default_image_id":0,"font":"","enabled":false},"version":2}},"categories":[2],"tags":[],"class_list":["post-4768","post","type-post","status-publish","format-standard","has-post-thumbnail","hentry","category-gobiernoestatal"],"jetpack_publicize_connections":[],"jetpack_featured_media_url":"https:\/\/veracruzanosexcepcionahles.com\/wp-content\/uploads\/2025\/01\/WhatsApp-Image-2025-01-24-at-12.54.04-PM.jpeg","jetpack_sharing_enabled":true,"jetpack_likes_enabled":true,"jetpack_shortlink":"https:\/\/wp.me\/pe8dhK-1eU","_links":{"self":[{"href":"https:\/\/veracruzanosexcepcionahles.com\/index.php\/wp-json\/wp\/v2\/posts\/4768","targetHints":{"allow":["GET"]}}],"collection":[{"href":"https:\/\/veracruzanosexcepcionahles.com\/index.php\/wp-json\/wp\/v2\/posts"}],"about":[{"href":"https:\/\/veracruzanosexcepcionahles.com\/index.php\/wp-json\/wp\/v2\/types\/post"}],"author":[{"embeddable":true,"href":"https:\/\/veracruzanosexcepcionahles.com\/index.php\/wp-json\/wp\/v2\/users\/2"}],"replies":[{"embeddable":true,"href":"https:\/\/veracruzanosexcepcionahles.com\/index.php\/wp-json\/wp\/v2\/comments?post=4768"}],"version-history":[{"count":1,"href":"https:\/\/veracruzanosexcepcionahles.com\/index.php\/wp-json\/wp\/v2\/posts\/4768\/revisions"}],"predecessor-version":[{"id":4770,"href":"https:\/\/veracruzanosexcepcionahles.com\/index.php\/wp-json\/wp\/v2\/posts\/4768\/revisions\/4770"}],"wp:featuredmedia":[{"embeddable":true,"href":"https:\/\/veracruzanosexcepcionahles.com\/index.php\/wp-json\/wp\/v2\/media\/4769"}],"wp:attachment":[{"href":"https:\/\/veracruzanosexcepcionahles.com\/index.php\/wp-json\/wp\/v2\/media?parent=4768"}],"wp:term":[{"taxonomy":"category","embeddable":true,"href":"https:\/\/veracruzanosexcepcionahles.com\/index.php\/wp-json\/wp\/v2\/categories?post=4768"},{"taxonomy":"post_tag","embeddable":true,"href":"https:\/\/veracruzanosexcepcionahles.com\/index.php\/wp-json\/wp\/v2\/tags?post=4768"}],"curies":[{"name":"wp","href":"https:\/\/api.w.org\/{rel}","templated":true}]}}