{"id":4765,"date":"2025-01-24T16:25:07","date_gmt":"2025-01-24T22:25:07","guid":{"rendered":"https:\/\/veracruzanosexcepcionahles.com\/?p=4765"},"modified":"2025-01-24T16:25:08","modified_gmt":"2025-01-24T22:25:08","slug":"establecen-mesas-de-trabajo-seccion-56-del-snte-y-la-sev-para-resolver-tema-de-falta-de-maestros","status":"publish","type":"post","link":"https:\/\/veracruzanosexcepcionahles.com\/index.php\/2025\/01\/24\/establecen-mesas-de-trabajo-seccion-56-del-snte-y-la-sev-para-resolver-tema-de-falta-de-maestros\/","title":{"rendered":"Establecen mesas de trabajo Secci\u00f3n 56 del SNTE y la SEV para resolver tema de falta de maestros"},"content":{"rendered":"\n<p>\u2022 Es un tema que preocupan y genera malestar entre los padres de familia; entregan agenda laboral pendiente a Claudia Tello para su debida atenci\u00f3n.<br>\u2022 Se est\u00e1n tomando medidas para que a las escuelas comiencen a recibir a los docentes faltantes en sus plantillas de personal; Mar\u00edn Hern\u00e1ndez.<\/p>\n\n\n\n<p>Irineo P\u00e9rez Melo.- Para dar respuesta a la falta de maestros que se tienen en algunas escuelas de la entidad veracruzana, la Secci\u00f3n 56 del Sindicato Nacional de Trabajadores de la Educaci\u00f3n (SNTE) y la Secretaria de Educaci\u00f3n de Veracruz (SEV), instalaron mesas de trabajo para atender este tema que es uno de los que m\u00e1s preocupan y generan malestar entre los padres de familia.<br>Lo anterior fue informado por el diputado local Jos\u00e9 Reveriano Mar\u00edn Hern\u00e1ndez, secretario general de la organizaci\u00f3n magisterial, quien dijo que el pasado lunes en una reuni\u00f3n sostenida con la maestra Claudia Tello Espinoza, la dirigencia de la Secci\u00f3n 56 del SNTE entreg\u00f3 la agenda laboral pendiente a la titular de la SEV.<br>\u201cUno de los temas que m\u00e1s preocupan y generan malestar entre los padres de familia es la falta de maestros en algunas escuelas\u201d, refiri\u00f3 el tambi\u00e9n presidente de la Comisi\u00f3n Permanente de Educaci\u00f3n y Cultura del Congreso del Estado.<br>Se\u00f1al\u00f3 que, hasta antes de este acuerdo, la Secci\u00f3n 56 del SNTE ten\u00eda alrededor de 500 tr\u00e1mites pendientes relacionados con movimientos de personal, cadenas prejubilatorias, licencias m\u00e9dicas y otros asuntos que requieren la contrataci\u00f3n inmediata para cubrir estos espacios.<br>Detall\u00f3 que, desde el pasado lunes, se instalaron mesas de trabajo y se est\u00e1n tomando medidas para que los planteles educativos comiencen a recibir a los docentes faltantes en sus plantillas de personal.<br>El dirigente sindical explic\u00f3 que esta problem\u00e1tica se origin\u00f3 por la falta de nombramientos en puestos clave, como directores generales y enlaces administrativos, encargados de agilizar la operatividad del sistema educativo. No obstante, asegur\u00f3 que, con el respaldo de la SEV, se est\u00e1 trabajando para resolver esta situaci\u00f3n y garantizar que las escuelas cuenten con el personal necesario a la brevedad.<br>Por \u00faltimo, enfatiz\u00f3 que la relaci\u00f3n entre la Secci\u00f3n 56 y las autoridades educativas se mantiene en un marco de respeto y colaboraci\u00f3n. \u201cEstamos convencidos de que, trabajando juntos, podemos encontrar los mejores acuerdos y soluciones en beneficio de la educaci\u00f3n, los trabajadores y el sistema educativo en Veracruz\u201d.<br>Este paso dado entre la Secci\u00f3n 56 del SNTE y la SEV es de suma importancia porque hay la disposici\u00f3n de trabajar de manera conjunta con las autoridades educativas en un ambiente de di\u00e1logo y colaboraci\u00f3n, concluy\u00f3.<\/p>\n","protected":false},"excerpt":{"rendered":"<p>\u2022 Es un tema que preocupan y genera malestar entre los padres de familia; entregan agenda laboral pendiente a Claudia Tello para su debida atenci\u00f3n.\u2022 Se est\u00e1n tomando medidas para que a las escuelas comiencen a recibir a los docentes faltantes en sus plantillas de personal; Mar\u00edn Hern\u00e1ndez. Irineo P\u00e9rez Melo.- Para dar respuesta a&#8230;<\/p>\n","protected":false},"author":2,"featured_media":4766,"comment_status":"closed","ping_status":"closed","sticky":false,"template":"","format":"standard","meta":{"_jetpack_memberships_contains_paid_content":false,"footnotes":"","jetpack_publicize_message":"","jetpack_publicize_feature_enabled":true,"jetpack_social_post_already_shared":true,"jetpack_social_options":{"image_generator_settings":{"template":"highway","default_image_id":0,"font":"","enabled":false},"version":2}},"categories":[3],"tags":[],"class_list":["post-4765","post","type-post","status-publish","format-standard","has-post-thumbnail","hentry","category-politica"],"jetpack_publicize_connections":[],"jetpack_featured_media_url":"https:\/\/veracruzanosexcepcionahles.com\/wp-content\/uploads\/2025\/01\/WhatsApp-Image-2025-01-24-at-4.14.43-PM.jpeg","jetpack_sharing_enabled":true,"jetpack_likes_enabled":true,"jetpack_shortlink":"https:\/\/wp.me\/pe8dhK-1eR","_links":{"self":[{"href":"https:\/\/veracruzanosexcepcionahles.com\/index.php\/wp-json\/wp\/v2\/posts\/4765","targetHints":{"allow":["GET"]}}],"collection":[{"href":"https:\/\/veracruzanosexcepcionahles.com\/index.php\/wp-json\/wp\/v2\/posts"}],"about":[{"href":"https:\/\/veracruzanosexcepcionahles.com\/index.php\/wp-json\/wp\/v2\/types\/post"}],"author":[{"embeddable":true,"href":"https:\/\/veracruzanosexcepcionahles.com\/index.php\/wp-json\/wp\/v2\/users\/2"}],"replies":[{"embeddable":true,"href":"https:\/\/veracruzanosexcepcionahles.com\/index.php\/wp-json\/wp\/v2\/comments?post=4765"}],"version-history":[{"count":1,"href":"https:\/\/veracruzanosexcepcionahles.com\/index.php\/wp-json\/wp\/v2\/posts\/4765\/revisions"}],"predecessor-version":[{"id":4767,"href":"https:\/\/veracruzanosexcepcionahles.com\/index.php\/wp-json\/wp\/v2\/posts\/4765\/revisions\/4767"}],"wp:featuredmedia":[{"embeddable":true,"href":"https:\/\/veracruzanosexcepcionahles.com\/index.php\/wp-json\/wp\/v2\/media\/4766"}],"wp:attachment":[{"href":"https:\/\/veracruzanosexcepcionahles.com\/index.php\/wp-json\/wp\/v2\/media?parent=4765"}],"wp:term":[{"taxonomy":"category","embeddable":true,"href":"https:\/\/veracruzanosexcepcionahles.com\/index.php\/wp-json\/wp\/v2\/categories?post=4765"},{"taxonomy":"post_tag","embeddable":true,"href":"https:\/\/veracruzanosexcepcionahles.com\/index.php\/wp-json\/wp\/v2\/tags?post=4765"}],"curies":[{"name":"wp","href":"https:\/\/api.w.org\/{rel}","templated":true}]}}