{"id":4756,"date":"2025-01-23T17:45:32","date_gmt":"2025-01-23T23:45:32","guid":{"rendered":"https:\/\/veracruzanosexcepcionahles.com\/?p=4756"},"modified":"2025-01-23T17:45:34","modified_gmt":"2025-01-23T23:45:34","slug":"banda-sinfonica-celebra-139-anos-con-un-concierto-en-el-parque-juarez","status":"publish","type":"post","link":"https:\/\/veracruzanosexcepcionahles.com\/index.php\/2025\/01\/23\/banda-sinfonica-celebra-139-anos-con-un-concierto-en-el-parque-juarez\/","title":{"rendered":"Banda Sinf\u00f3nica celebra 139 a\u00f1os con un concierto en el parque Ju\u00e1rez"},"content":{"rendered":"\n<p>&gt;Contar\u00e1 con un repertorio musical diverso y la actuaci\u00f3n de Messe Merari.<\/p>\n\n\n\n<p><strong>Xalapa, Ver., jueves 23 de enero de 2024.-<\/strong> En el marco de los 139 a\u00f1os de su fundaci\u00f3n, la Banda Sinf\u00f3nica del Gobierno del Estado de Veracruz, bajo la direcci\u00f3n de Cristian Texon, ofrecer\u00e1 un concierto gratuito en el parque Benito Ju\u00e1rez el pr\u00f3ximo 29 de enero a las 18:30 horas.<\/p>\n\n\n\n<p>La cantante Messe Merari participar\u00e1 como invitada a esta velada cuyo repertorio musical incluye a King Cotton \/ John Philip Sousa, Danz\u00f3n 7 \/ Arturo M\u00e1rquez, Danzones de Lara \/ Agust\u00edn Lara, El feo \/ An\u00f3nimo. Arreglo. Jaime Allende, Fly me to the moon \/ Bart Howard \/ Arr. Cristian Texon.<\/p>\n\n\n\n<p>La Banda Sinf\u00f3nica es la historia de muchos hombres y mujeres que a lo largo de m\u00e1s de un siglo han formado parte de sus filas; es tambi\u00e9n, parte importante de la propia historia de nuestra entidad, llena de contrastes, de esfuerzos y de caminos que lenta, y a veces calladamente, se ha ido construyendo a trav\u00e9s de testimonios, vivencias y acontecimientos.<\/p>\n\n\n\n<p>Por su parte, Messe Merari es originaria de la Ciudad de M\u00e9xico, empez\u00f3 su carrera en la capital veracruzana en 1994, cuando fue invitada al proyecto \u201cSol Mestizo\u201d, de Luis Garc\u00eda Ireta, para interpretar m\u00fasica latinoamericana y presentarse en Festivales Afrocaribe\u00f1os, as\u00ed como otros eventos y espacios culturales.<\/p>\n\n\n\n<p>Ha participado en programas de televisi\u00f3n nacional; form\u00f3 parte del espect\u00e1culo \u201cJarocho\u201d, el cual le permiti\u00f3 viajar a Hong Kong y Macau, China; Bangkok, Tailandia; Par\u00eds, Francia, y a varios estados de la Rep\u00fablica Mexicana. Ha sido invitada a cantar en Buenos Aires, Argentina, y en el Palacio de Bellas Artes.<\/p>\n\n\n\n<p>Las secretar\u00edas de Cultura y de Gobierno, a trav\u00e9s de la Coordinaci\u00f3n de Promoci\u00f3n de los Valores C\u00edvicos y Culturales refrendan su compromiso de seguir creando espacios que enaltezcan nuestra cultura, m\u00fasica y tradici\u00f3n, y que acerquen a nuestra sociedad a disfrutar del talento que solo nuestro bello estado posee.<\/p>\n","protected":false},"excerpt":{"rendered":"<p>&gt;Contar\u00e1 con un repertorio musical diverso y la actuaci\u00f3n de Messe Merari. Xalapa, Ver., jueves 23 de enero de 2024.- En el marco de los 139 a\u00f1os de su fundaci\u00f3n, la Banda Sinf\u00f3nica del Gobierno del Estado de Veracruz, bajo la direcci\u00f3n de Cristian Texon, ofrecer\u00e1 un concierto gratuito en el parque Benito Ju\u00e1rez el&#8230;<\/p>\n","protected":false},"author":2,"featured_media":4757,"comment_status":"closed","ping_status":"closed","sticky":false,"template":"","format":"standard","meta":{"_jetpack_memberships_contains_paid_content":false,"footnotes":"","jetpack_publicize_message":"","jetpack_publicize_feature_enabled":true,"jetpack_social_post_already_shared":true,"jetpack_social_options":{"image_generator_settings":{"template":"highway","default_image_id":0,"font":"","enabled":false},"version":2}},"categories":[2],"tags":[],"class_list":["post-4756","post","type-post","status-publish","format-standard","has-post-thumbnail","hentry","category-gobiernoestatal"],"jetpack_publicize_connections":[],"jetpack_featured_media_url":"https:\/\/veracruzanosexcepcionahles.com\/wp-content\/uploads\/2025\/01\/WhatsApp-Image-2025-01-23-at-5.31.18-PM.jpeg","jetpack_sharing_enabled":true,"jetpack_likes_enabled":true,"jetpack_shortlink":"https:\/\/wp.me\/pe8dhK-1eI","_links":{"self":[{"href":"https:\/\/veracruzanosexcepcionahles.com\/index.php\/wp-json\/wp\/v2\/posts\/4756","targetHints":{"allow":["GET"]}}],"collection":[{"href":"https:\/\/veracruzanosexcepcionahles.com\/index.php\/wp-json\/wp\/v2\/posts"}],"about":[{"href":"https:\/\/veracruzanosexcepcionahles.com\/index.php\/wp-json\/wp\/v2\/types\/post"}],"author":[{"embeddable":true,"href":"https:\/\/veracruzanosexcepcionahles.com\/index.php\/wp-json\/wp\/v2\/users\/2"}],"replies":[{"embeddable":true,"href":"https:\/\/veracruzanosexcepcionahles.com\/index.php\/wp-json\/wp\/v2\/comments?post=4756"}],"version-history":[{"count":1,"href":"https:\/\/veracruzanosexcepcionahles.com\/index.php\/wp-json\/wp\/v2\/posts\/4756\/revisions"}],"predecessor-version":[{"id":4758,"href":"https:\/\/veracruzanosexcepcionahles.com\/index.php\/wp-json\/wp\/v2\/posts\/4756\/revisions\/4758"}],"wp:featuredmedia":[{"embeddable":true,"href":"https:\/\/veracruzanosexcepcionahles.com\/index.php\/wp-json\/wp\/v2\/media\/4757"}],"wp:attachment":[{"href":"https:\/\/veracruzanosexcepcionahles.com\/index.php\/wp-json\/wp\/v2\/media?parent=4756"}],"wp:term":[{"taxonomy":"category","embeddable":true,"href":"https:\/\/veracruzanosexcepcionahles.com\/index.php\/wp-json\/wp\/v2\/categories?post=4756"},{"taxonomy":"post_tag","embeddable":true,"href":"https:\/\/veracruzanosexcepcionahles.com\/index.php\/wp-json\/wp\/v2\/tags?post=4756"}],"curies":[{"name":"wp","href":"https:\/\/api.w.org\/{rel}","templated":true}]}}