{"id":4746,"date":"2025-01-23T16:50:54","date_gmt":"2025-01-23T22:50:54","guid":{"rendered":"https:\/\/veracruzanosexcepcionahles.com\/?p=4746"},"modified":"2025-01-23T16:50:56","modified_gmt":"2025-01-23T22:50:56","slug":"conoce-el-programa-de-actividades-de-las-fiestas-de-la-candelaria-2025","status":"publish","type":"post","link":"https:\/\/veracruzanosexcepcionahles.com\/index.php\/2025\/01\/23\/conoce-el-programa-de-actividades-de-las-fiestas-de-la-candelaria-2025\/","title":{"rendered":"Conoce el programa de actividades de las fiestas de La Candelaria 2025"},"content":{"rendered":"\n<p>>Conciertos, gastronom\u00eda, cultura, regatas, embalse de toros y el Paseo de la Virgen ser\u00e1n parte de esta tradicional fiesta.<\/p>\n\n\n\n<p><strong>Tlacotalpan, Ver., jueves 23 de enero de 2025.-<\/strong> El Gobierno del Estado, en coordinaci\u00f3n con el Ayuntamiento de Tlacotalpan, ha compartido la versi\u00f3n digital del programa de actividades de las fiestas de La Candelaria, del 31 de enero al 09 de febrero.<\/p>\n\n\n\n<p>A partir del d\u00eda 25, a las 19:00 horas, el Teatro Netzahualc\u00f3yotl ser\u00e1 el escenario para la asignaci\u00f3n de bandas para el cuadro de la Cabalgata tradicional. El 26, un recorrido con la participaci\u00f3n de ni\u00f1os de un jard\u00edn escolar, saliendo del puente Garc\u00eda.<\/p>\n\n\n\n<p>El 30 de enero, esta celebraci\u00f3n de Amor, Son y Legado invita a la mojiganga infantil, el desfile de fuerzas con recorrido por las principales calles de la ciudad y una tarde de danz\u00f3n en la Plaza Zaragoza.<\/p>\n\n\n\n<p>El 31 de enero, se llevar\u00e1n a cabo talleres de son jarocho y una expoventa gastron\u00f3mica y artesanal, as\u00ed como la participaci\u00f3n de los Voladores de Papantla en el bulevar Guillermo Ch\u00e1zaro y la tradicional Cabalgata. Adem\u00e1s del primer concierto masivo con Lenin Ram\u00edrez, en la explanada de Los Jarochos, y un espect\u00e1culo de luces en el muelle de la ciudad.<\/p>\n\n\n\n<p>Para el 01 de febrero, desde las 07:00 horas, tendr\u00e1 lugar el paseo de la Banda Centenario por el r\u00edo Papaloapan, adem\u00e1s de talleres de sones jarochos y fandangos, y regatas tradicionales por el r\u00edo Papaloapan.<\/p>\n\n\n\n<p>A las 12:00 horas, ser\u00e1 el D\u00eda de Toros por el bulevar Ch\u00e1zaro Lagos, adem\u00e1s de talleres de arpa, d\u00e9cima, presentaciones de grupos de son jarocho y d\u00e9cima, as\u00ed como versadores y un encuentro de guitarreros. El 02 de febrero, se llevar\u00e1 a cabo el Embalse de Toros, las Ma\u00f1anitas y el Paseo de la Virgen.<\/p>\n\n\n\n<p>Durante todo el d\u00eda habr\u00e1n actividades art\u00edsticas, culturales y musicales en diversos puntos de la ciudad, con conciertos masivos en el Foro Central Cultural y la explanada de Los Jarochos, concluyendo con un fandango en honor a La Candelaria.<\/p>\n\n\n\n<p>Los visitantes podr\u00e1n disfrutar, de manera gratuita, de los conciertos de Lenin Ram\u00edrez, exvocalista del Grupo Firme, el 31 de enero, y de los Cumbia Kings el 02 de febrero, adem\u00e1s de la presentaci\u00f3n de artistas locales, jaraneros y grupos veracruzanos.<\/p>\n\n\n\n<p>\u00a1An\u00edmate y visita Tlacotalpan del 31 de enero al 09 de febrero y s\u00e9 parte de las fiestas de La Candelaria, Celebraci\u00f3n de Amor, Son y Legado!&nbsp;&nbsp;&nbsp;&nbsp;&nbsp;&nbsp;&nbsp;&nbsp;&nbsp;&nbsp;&nbsp;&nbsp;&nbsp;&nbsp;&nbsp;&nbsp;&nbsp;<\/p>\n\n\n\n<p>&#8212;000&#8212;<\/p>\n","protected":false},"excerpt":{"rendered":"<p>>Conciertos, gastronom\u00eda, cultura, regatas, embalse de toros y el Paseo de la Virgen ser\u00e1n parte de esta tradicional fiesta. Tlacotalpan, Ver., jueves 23 de enero de 2025.- El Gobierno del Estado, en coordinaci\u00f3n con el Ayuntamiento de Tlacotalpan, ha compartido la versi\u00f3n digital del programa de actividades de las fiestas de La Candelaria, del 31&#8230;<\/p>\n","protected":false},"author":2,"featured_media":4747,"comment_status":"closed","ping_status":"closed","sticky":false,"template":"","format":"standard","meta":{"_jetpack_memberships_contains_paid_content":false,"footnotes":"","jetpack_publicize_message":"","jetpack_publicize_feature_enabled":true,"jetpack_social_post_already_shared":true,"jetpack_social_options":{"image_generator_settings":{"template":"highway","default_image_id":0,"font":"","enabled":false},"version":2}},"categories":[2],"tags":[],"class_list":["post-4746","post","type-post","status-publish","format-standard","has-post-thumbnail","hentry","category-gobiernoestatal"],"jetpack_publicize_connections":[],"jetpack_featured_media_url":"https:\/\/veracruzanosexcepcionahles.com\/wp-content\/uploads\/2025\/01\/WhatsApp-Image-2025-01-23-at-12.24.52-PM-1.jpeg","jetpack_sharing_enabled":true,"jetpack_likes_enabled":true,"jetpack_shortlink":"https:\/\/wp.me\/pe8dhK-1ey","_links":{"self":[{"href":"https:\/\/veracruzanosexcepcionahles.com\/index.php\/wp-json\/wp\/v2\/posts\/4746","targetHints":{"allow":["GET"]}}],"collection":[{"href":"https:\/\/veracruzanosexcepcionahles.com\/index.php\/wp-json\/wp\/v2\/posts"}],"about":[{"href":"https:\/\/veracruzanosexcepcionahles.com\/index.php\/wp-json\/wp\/v2\/types\/post"}],"author":[{"embeddable":true,"href":"https:\/\/veracruzanosexcepcionahles.com\/index.php\/wp-json\/wp\/v2\/users\/2"}],"replies":[{"embeddable":true,"href":"https:\/\/veracruzanosexcepcionahles.com\/index.php\/wp-json\/wp\/v2\/comments?post=4746"}],"version-history":[{"count":1,"href":"https:\/\/veracruzanosexcepcionahles.com\/index.php\/wp-json\/wp\/v2\/posts\/4746\/revisions"}],"predecessor-version":[{"id":4748,"href":"https:\/\/veracruzanosexcepcionahles.com\/index.php\/wp-json\/wp\/v2\/posts\/4746\/revisions\/4748"}],"wp:featuredmedia":[{"embeddable":true,"href":"https:\/\/veracruzanosexcepcionahles.com\/index.php\/wp-json\/wp\/v2\/media\/4747"}],"wp:attachment":[{"href":"https:\/\/veracruzanosexcepcionahles.com\/index.php\/wp-json\/wp\/v2\/media?parent=4746"}],"wp:term":[{"taxonomy":"category","embeddable":true,"href":"https:\/\/veracruzanosexcepcionahles.com\/index.php\/wp-json\/wp\/v2\/categories?post=4746"},{"taxonomy":"post_tag","embeddable":true,"href":"https:\/\/veracruzanosexcepcionahles.com\/index.php\/wp-json\/wp\/v2\/tags?post=4746"}],"curies":[{"name":"wp","href":"https:\/\/api.w.org\/{rel}","templated":true}]}}