{"id":4740,"date":"2025-01-23T16:43:38","date_gmt":"2025-01-23T22:43:38","guid":{"rendered":"https:\/\/veracruzanosexcepcionahles.com\/?p=4740"},"modified":"2025-01-23T16:43:39","modified_gmt":"2025-01-23T22:43:39","slug":"coordinacion-estatal-y-participacion-ciudadana-para-prevenir-y-combatir-incendios-forestales","status":"publish","type":"post","link":"https:\/\/veracruzanosexcepcionahles.com\/index.php\/2025\/01\/23\/coordinacion-estatal-y-participacion-ciudadana-para-prevenir-y-combatir-incendios-forestales\/","title":{"rendered":"Coordinaci\u00f3n estatal y participaci\u00f3n ciudadana para prevenir y combatir incendios forestales"},"content":{"rendered":"\n<p>&gt;Refuerza Estado capacidades t\u00e9cnicas y operativas.<\/p>\n\n\n\n<p>&gt;Piden a la poblaci\u00f3n reportar al 911 para una respuesta oportuna y eficaz.<\/p>\n\n\n\n<p><strong>Las Vigas, Ver., jueves 23 de enero de 2025<a>.-<\/a><\/strong> El Gobierno de Veracruz, a trav\u00e9s de las secretar\u00edas de Medio Ambiente y Protecci\u00f3n Civil, presentaron el plan de atenci\u00f3n y respuesta para la Temporada de Incendios Forestales 2025 que abarca del 15 de enero al 30 de junio.<\/p>\n\n\n\n<p>Dentro de los objetivos destacan la prevenci\u00f3n y sensibilizaci\u00f3n de la ciudadan\u00eda; el fortalecimiento de la coordinaci\u00f3n interinstitucional e implementaci\u00f3n de medidas de combate y control, y difundir las fuerzas de tareas disponibles y acciones posteriores de atenci\u00f3n.&nbsp;<\/p>\n\n\n\n<p>Para ello, convocaron a la poblaci\u00f3n a colaborar reportando al 911 los incendios en bosques, selvas, pastizales y otras \u00e1reas vulnerables, para proteger los ecosistemas y garantizar la seguridad de las comunidades.<\/p>\n\n\n\n<p>A los propietarios de terrenos forestales, agropecuarios y pastizales a mantener sus predios libres de material combustible, as\u00ed como la apertura y mantenimiento de brechas cortafuego, podas, l\u00edneas negras, y llevar a cabo recorridos de vigilancia.&nbsp;<\/p>\n\n\n\n<p>El Comit\u00e9 Estatal de Manejo de Fuego ha reforzado sus capacidades t\u00e9cnicas mediante la formaci\u00f3n, con cursos y talleres, para autoridades municipales, ejidales y brigadas voluntarias, adem\u00e1s de la promoci\u00f3n del Programa Especial de Incendios Forestales garantizando una mejor preparaci\u00f3n.&nbsp;<\/p>\n\n\n\n<p>Incluye el trabajo coordinado con las secretar\u00edas de Seguridad P\u00fablica, Desarrollo Agropecuario, Rural y Pesca, la Procuradur\u00eda Federal de Protecci\u00f3n al Ambiente, las comisiones Nacional Forestal y de \u00c1reas Naturales Protegidas, municipios y propietarios de terrenos forestales.<\/p>\n\n\n\n<p>&#8212;000&#8212;<\/p>\n","protected":false},"excerpt":{"rendered":"<p>&gt;Refuerza Estado capacidades t\u00e9cnicas y operativas. &gt;Piden a la poblaci\u00f3n reportar al 911 para una respuesta oportuna y eficaz. Las Vigas, Ver., jueves 23 de enero de 2025.- El Gobierno de Veracruz, a trav\u00e9s de las secretar\u00edas de Medio Ambiente y Protecci\u00f3n Civil, presentaron el plan de atenci\u00f3n y respuesta para la Temporada de Incendios&#8230;<\/p>\n","protected":false},"author":2,"featured_media":4741,"comment_status":"closed","ping_status":"closed","sticky":false,"template":"","format":"standard","meta":{"_jetpack_memberships_contains_paid_content":false,"footnotes":"","jetpack_publicize_message":"","jetpack_publicize_feature_enabled":true,"jetpack_social_post_already_shared":true,"jetpack_social_options":{"image_generator_settings":{"template":"highway","default_image_id":0,"font":"","enabled":false},"version":2}},"categories":[2],"tags":[],"class_list":["post-4740","post","type-post","status-publish","format-standard","has-post-thumbnail","hentry","category-gobiernoestatal"],"jetpack_publicize_connections":[],"jetpack_featured_media_url":"https:\/\/veracruzanosexcepcionahles.com\/wp-content\/uploads\/2025\/01\/WhatsApp-Image-2025-01-23-at-2.57.08-PM.jpeg","jetpack_sharing_enabled":true,"jetpack_likes_enabled":true,"jetpack_shortlink":"https:\/\/wp.me\/pe8dhK-1es","_links":{"self":[{"href":"https:\/\/veracruzanosexcepcionahles.com\/index.php\/wp-json\/wp\/v2\/posts\/4740","targetHints":{"allow":["GET"]}}],"collection":[{"href":"https:\/\/veracruzanosexcepcionahles.com\/index.php\/wp-json\/wp\/v2\/posts"}],"about":[{"href":"https:\/\/veracruzanosexcepcionahles.com\/index.php\/wp-json\/wp\/v2\/types\/post"}],"author":[{"embeddable":true,"href":"https:\/\/veracruzanosexcepcionahles.com\/index.php\/wp-json\/wp\/v2\/users\/2"}],"replies":[{"embeddable":true,"href":"https:\/\/veracruzanosexcepcionahles.com\/index.php\/wp-json\/wp\/v2\/comments?post=4740"}],"version-history":[{"count":1,"href":"https:\/\/veracruzanosexcepcionahles.com\/index.php\/wp-json\/wp\/v2\/posts\/4740\/revisions"}],"predecessor-version":[{"id":4742,"href":"https:\/\/veracruzanosexcepcionahles.com\/index.php\/wp-json\/wp\/v2\/posts\/4740\/revisions\/4742"}],"wp:featuredmedia":[{"embeddable":true,"href":"https:\/\/veracruzanosexcepcionahles.com\/index.php\/wp-json\/wp\/v2\/media\/4741"}],"wp:attachment":[{"href":"https:\/\/veracruzanosexcepcionahles.com\/index.php\/wp-json\/wp\/v2\/media?parent=4740"}],"wp:term":[{"taxonomy":"category","embeddable":true,"href":"https:\/\/veracruzanosexcepcionahles.com\/index.php\/wp-json\/wp\/v2\/categories?post=4740"},{"taxonomy":"post_tag","embeddable":true,"href":"https:\/\/veracruzanosexcepcionahles.com\/index.php\/wp-json\/wp\/v2\/tags?post=4740"}],"curies":[{"name":"wp","href":"https:\/\/api.w.org\/{rel}","templated":true}]}}