{"id":4706,"date":"2025-01-22T22:01:08","date_gmt":"2025-01-23T04:01:08","guid":{"rendered":"https:\/\/veracruzanosexcepcionahles.com\/?p=4706"},"modified":"2025-01-22T22:01:11","modified_gmt":"2025-01-23T04:01:11","slug":"turismo-veracruzano-inicia-fuerte-en-fitur","status":"publish","type":"post","link":"https:\/\/veracruzanosexcepcionahles.com\/index.php\/2025\/01\/22\/turismo-veracruzano-inicia-fuerte-en-fitur\/","title":{"rendered":"Turismo veracruzano inicia fuerte en FITUR"},"content":{"rendered":"\n<p>&gt;Lleva la oferta de sus siete regiones para hacer del sector una herramienta de bienestar.<\/p>\n\n\n\n<figure class=\"wp-block-gallery has-nested-images columns-default is-cropped wp-block-gallery-1 is-layout-flex wp-block-gallery-is-layout-flex\">\n<figure class=\"wp-block-image size-large\"><img loading=\"lazy\" decoding=\"async\" width=\"1024\" height=\"682\" data-id=\"4707\" src=\"https:\/\/veracruzanosexcepcionahles.com\/wp-content\/uploads\/2025\/01\/WhatsApp-Image-2025-01-22-at-3.02.47-PM-1024x682.jpeg\" alt=\"\" class=\"wp-image-4707\" srcset=\"https:\/\/veracruzanosexcepcionahles.com\/wp-content\/uploads\/2025\/01\/WhatsApp-Image-2025-01-22-at-3.02.47-PM-1024x682.jpeg 1024w, https:\/\/veracruzanosexcepcionahles.com\/wp-content\/uploads\/2025\/01\/WhatsApp-Image-2025-01-22-at-3.02.47-PM-300x200.jpeg 300w, https:\/\/veracruzanosexcepcionahles.com\/wp-content\/uploads\/2025\/01\/WhatsApp-Image-2025-01-22-at-3.02.47-PM-768x512.jpeg 768w, https:\/\/veracruzanosexcepcionahles.com\/wp-content\/uploads\/2025\/01\/WhatsApp-Image-2025-01-22-at-3.02.47-PM-1536x1023.jpeg 1536w, https:\/\/veracruzanosexcepcionahles.com\/wp-content\/uploads\/2025\/01\/WhatsApp-Image-2025-01-22-at-3.02.47-PM-600x400.jpeg 600w, https:\/\/veracruzanosexcepcionahles.com\/wp-content\/uploads\/2025\/01\/WhatsApp-Image-2025-01-22-at-3.02.47-PM.jpeg 1600w\" sizes=\"auto, (max-width: 1024px) 100vw, 1024px\" \/><\/figure>\n\n\n\n<figure class=\"wp-block-image size-large\"><img loading=\"lazy\" decoding=\"async\" width=\"1024\" height=\"682\" data-id=\"4708\" src=\"https:\/\/veracruzanosexcepcionahles.com\/wp-content\/uploads\/2025\/01\/WhatsApp-Image-2025-01-22-at-3.02.48-PM-1024x682.jpeg\" alt=\"\" class=\"wp-image-4708\" srcset=\"https:\/\/veracruzanosexcepcionahles.com\/wp-content\/uploads\/2025\/01\/WhatsApp-Image-2025-01-22-at-3.02.48-PM-1024x682.jpeg 1024w, https:\/\/veracruzanosexcepcionahles.com\/wp-content\/uploads\/2025\/01\/WhatsApp-Image-2025-01-22-at-3.02.48-PM-300x200.jpeg 300w, https:\/\/veracruzanosexcepcionahles.com\/wp-content\/uploads\/2025\/01\/WhatsApp-Image-2025-01-22-at-3.02.48-PM-768x512.jpeg 768w, https:\/\/veracruzanosexcepcionahles.com\/wp-content\/uploads\/2025\/01\/WhatsApp-Image-2025-01-22-at-3.02.48-PM-1536x1023.jpeg 1536w, https:\/\/veracruzanosexcepcionahles.com\/wp-content\/uploads\/2025\/01\/WhatsApp-Image-2025-01-22-at-3.02.48-PM-600x400.jpeg 600w, https:\/\/veracruzanosexcepcionahles.com\/wp-content\/uploads\/2025\/01\/WhatsApp-Image-2025-01-22-at-3.02.48-PM.jpeg 1600w\" sizes=\"auto, (max-width: 1024px) 100vw, 1024px\" \/><\/figure>\n\n\n\n<figure class=\"wp-block-image size-large\"><img loading=\"lazy\" decoding=\"async\" width=\"1024\" height=\"682\" data-id=\"4709\" src=\"https:\/\/veracruzanosexcepcionahles.com\/wp-content\/uploads\/2025\/01\/WhatsApp-Image-2025-01-22-at-3.03.22-PM-1024x682.jpeg\" alt=\"\" class=\"wp-image-4709\" srcset=\"https:\/\/veracruzanosexcepcionahles.com\/wp-content\/uploads\/2025\/01\/WhatsApp-Image-2025-01-22-at-3.03.22-PM-1024x682.jpeg 1024w, https:\/\/veracruzanosexcepcionahles.com\/wp-content\/uploads\/2025\/01\/WhatsApp-Image-2025-01-22-at-3.03.22-PM-300x200.jpeg 300w, https:\/\/veracruzanosexcepcionahles.com\/wp-content\/uploads\/2025\/01\/WhatsApp-Image-2025-01-22-at-3.03.22-PM-768x512.jpeg 768w, https:\/\/veracruzanosexcepcionahles.com\/wp-content\/uploads\/2025\/01\/WhatsApp-Image-2025-01-22-at-3.03.22-PM-1536x1023.jpeg 1536w, https:\/\/veracruzanosexcepcionahles.com\/wp-content\/uploads\/2025\/01\/WhatsApp-Image-2025-01-22-at-3.03.22-PM-600x400.jpeg 600w, https:\/\/veracruzanosexcepcionahles.com\/wp-content\/uploads\/2025\/01\/WhatsApp-Image-2025-01-22-at-3.03.22-PM.jpeg 1600w\" sizes=\"auto, (max-width: 1024px) 100vw, 1024px\" \/><\/figure>\n<\/figure>\n\n\n\n<p><strong>Madrid, Esp., mi\u00e9rcoles 22 de enero de 2025.-<\/strong> Veracruz est\u00e1 presente en el pabell\u00f3n de M\u00e9xico, el m\u00e1s grande de Am\u00e9rica, en la Feria Internacional de Turismo (FITUR), celebrada del 22 al 26 de enero, para mostrar sus riquezas naturales, culturales y gastron\u00f3micas, consolid\u00e1ndose como destino de moda.<\/p>\n\n\n\n<p>El Gobierno del Estado, a trav\u00e9s de la Secretar\u00eda de Turismo (Sectur), ha integrado la oferta de las regiones Huasteca, Totonaca, Cultura y Aventura, Altas Monta\u00f1as, Pasos de Cort\u00e9s, Tuxtlas y Olmeca, para atraer m\u00e1s visitantes, incrementar la ocupaci\u00f3n hotelera y generar un impacto positivo en el desarrollo econ\u00f3mico y social.<\/p>\n\n\n\n<p>En el stand de Veracruz, m\u00e1s de 150 mil especialistas del sector y 100 mil visitantes podr\u00e1n descubrir el turismo cultural, gastron\u00f3mico, de naturaleza, de negocios y de sol y playa.<\/p>\n\n\n\n<p>Esto incluye la interacci\u00f3n con mayoristas, agencias de viajes, operadores tur\u00edsticos, hoteleros y representantes de sectores como ocio, cultura, salud y tecnolog\u00eda, fortaleciendo as\u00ed su presencia en el mercado internacional.<\/p>\n\n\n\n<p>La gobernadora Roc\u00edo Nahle Garc\u00eda, junto con la titular de Sectur, Dulce Mar\u00eda de la Reguera G\u00f3mez; la secretaria de Turismo de M\u00e9xico, Josefina Rodr\u00edguez Zamora; y el embajador en Espa\u00f1a, Quirino Ordaz Coppel, cortaron el list\u00f3n inaugural.<\/p>\n\n\n\n<p>Veracruz destaca en esta importante feria junto con Quintana Roo, Tlaxcala, Quer\u00e9taro, Michoac\u00e1n, Jalisco y Yucat\u00e1n, reafirmando su compromiso de posicionar a M\u00e9xico como referente en el turismo global.<\/p>\n","protected":false},"excerpt":{"rendered":"<p>&gt;Lleva la oferta de sus siete regiones para hacer del sector una herramienta de bienestar. Madrid, Esp., mi\u00e9rcoles 22 de enero de 2025.- Veracruz est\u00e1 presente en el pabell\u00f3n de M\u00e9xico, el m\u00e1s grande de Am\u00e9rica, en la Feria Internacional de Turismo (FITUR), celebrada del 22 al 26 de enero, para mostrar sus riquezas naturales,&#8230;<\/p>\n","protected":false},"author":2,"featured_media":4708,"comment_status":"closed","ping_status":"closed","sticky":false,"template":"","format":"standard","meta":{"_jetpack_memberships_contains_paid_content":false,"footnotes":"","jetpack_publicize_message":"","jetpack_publicize_feature_enabled":true,"jetpack_social_post_already_shared":true,"jetpack_social_options":{"image_generator_settings":{"template":"highway","default_image_id":0,"font":"","enabled":false},"version":2}},"categories":[23],"tags":[],"class_list":["post-4706","post","type-post","status-publish","format-standard","has-post-thumbnail","hentry","category-actividadesnahle"],"jetpack_publicize_connections":[],"jetpack_featured_media_url":"https:\/\/veracruzanosexcepcionahles.com\/wp-content\/uploads\/2025\/01\/WhatsApp-Image-2025-01-22-at-3.02.48-PM.jpeg","jetpack_sharing_enabled":true,"jetpack_likes_enabled":true,"jetpack_shortlink":"https:\/\/wp.me\/pe8dhK-1dU","_links":{"self":[{"href":"https:\/\/veracruzanosexcepcionahles.com\/index.php\/wp-json\/wp\/v2\/posts\/4706","targetHints":{"allow":["GET"]}}],"collection":[{"href":"https:\/\/veracruzanosexcepcionahles.com\/index.php\/wp-json\/wp\/v2\/posts"}],"about":[{"href":"https:\/\/veracruzanosexcepcionahles.com\/index.php\/wp-json\/wp\/v2\/types\/post"}],"author":[{"embeddable":true,"href":"https:\/\/veracruzanosexcepcionahles.com\/index.php\/wp-json\/wp\/v2\/users\/2"}],"replies":[{"embeddable":true,"href":"https:\/\/veracruzanosexcepcionahles.com\/index.php\/wp-json\/wp\/v2\/comments?post=4706"}],"version-history":[{"count":1,"href":"https:\/\/veracruzanosexcepcionahles.com\/index.php\/wp-json\/wp\/v2\/posts\/4706\/revisions"}],"predecessor-version":[{"id":4710,"href":"https:\/\/veracruzanosexcepcionahles.com\/index.php\/wp-json\/wp\/v2\/posts\/4706\/revisions\/4710"}],"wp:featuredmedia":[{"embeddable":true,"href":"https:\/\/veracruzanosexcepcionahles.com\/index.php\/wp-json\/wp\/v2\/media\/4708"}],"wp:attachment":[{"href":"https:\/\/veracruzanosexcepcionahles.com\/index.php\/wp-json\/wp\/v2\/media?parent=4706"}],"wp:term":[{"taxonomy":"category","embeddable":true,"href":"https:\/\/veracruzanosexcepcionahles.com\/index.php\/wp-json\/wp\/v2\/categories?post=4706"},{"taxonomy":"post_tag","embeddable":true,"href":"https:\/\/veracruzanosexcepcionahles.com\/index.php\/wp-json\/wp\/v2\/tags?post=4706"}],"curies":[{"name":"wp","href":"https:\/\/api.w.org\/{rel}","templated":true}]}}