{"id":4617,"date":"2025-01-20T13:33:44","date_gmt":"2025-01-20T19:33:44","guid":{"rendered":"https:\/\/veracruzanosexcepcionahles.com\/?p=4617"},"modified":"2025-01-20T13:33:45","modified_gmt":"2025-01-20T19:33:45","slug":"anuncia-sev-horario-de-invierno-en-escuelas-de-educacion-basica","status":"publish","type":"post","link":"https:\/\/veracruzanosexcepcionahles.com\/index.php\/2025\/01\/20\/anuncia-sev-horario-de-invierno-en-escuelas-de-educacion-basica\/","title":{"rendered":"Anuncia SEV horario de invierno en escuelas de Educaci\u00f3n B\u00e1sica"},"content":{"rendered":"\n<p>&gt;La medida protege al alumnado de enfermedades respiratorias.<\/p>\n\n\n\n<p>&gt;La jornada de docentes sin modificaciones.&nbsp;<\/p>\n\n\n\n<p><strong>Xalapa, Ver., lunes 20 de enero de 2025.-<\/strong> A partir de hoy y hasta el 28 de febrero, los planteles de preescolar, primaria, secundarias y Centros de Atenci\u00f3n M\u00faltiple, con turno matutino, podr\u00e1n ingresar 30 minutos &nbsp;m\u00e1s tarde del horario oficial, respetando la salida habitual.&nbsp;<\/p>\n\n\n\n<p>En tanto, las primarias y secundarias generales, t\u00e9cnicas y telesecundarias con turno vespertino la salida ser\u00e1 30 minutos antes; mientras que las escuelas nocturnas mantendr\u00e1n su horario regular.&nbsp;<\/p>\n\n\n\n<p>La Secretar\u00eda de Educaci\u00f3n de Veracruz inform\u00f3 que esta medida, cuyo objetivo es proteger al alumnado de enfermedades respiratorias, se implementar\u00e1 \u00fanicamente en aquellas donde los padres de familia y el Consejo T\u00e9cnico Escolar (CTE) consideren su procedencia.&nbsp;<\/p>\n\n\n\n<p>Este cambio no afectar\u00e1 al personal docente ni al de apoyo, quienes mantendr\u00e1n su jornada laboral establecida. Los 30 minutos adicionales podr\u00e1n ser utilizados para ajustar la planeaci\u00f3n did\u00e1ctica y avanzar en la programaci\u00f3n escolar, sin comprometer el rendimiento acad\u00e9mico de los estudiantes.&nbsp;<\/p>\n\n\n\n<p>La dependencia exhort\u00f3 a las familias a seguir las recomendaciones del sector salud, asegur\u00e1ndose de cumplir con los esquemas de vacunaci\u00f3n en menores, vestirlos adecuadamente para el fr\u00edo y fomentar una alimentaci\u00f3n saludable.&nbsp;<\/p>\n\n\n\n<p>Asimismo, instruye a las autoridades a acatar las medidas de prevenci\u00f3n y las recomendaciones emitidas por el Consejo Estatal de Protecci\u00f3n Civil, garantizando el resguardo de los edificios escolares y la seguridad de la comunidad educativa.&nbsp;<\/p>\n\n\n\n<p>&#8212;000&#8212;<\/p>\n","protected":false},"excerpt":{"rendered":"<p>&gt;La medida protege al alumnado de enfermedades respiratorias. &gt;La jornada de docentes sin modificaciones.&nbsp; Xalapa, Ver., lunes 20 de enero de 2025.- A partir de hoy y hasta el 28 de febrero, los planteles de preescolar, primaria, secundarias y Centros de Atenci\u00f3n M\u00faltiple, con turno matutino, podr\u00e1n ingresar 30 minutos &nbsp;m\u00e1s tarde del horario oficial,&#8230;<\/p>\n","protected":false},"author":2,"featured_media":4618,"comment_status":"closed","ping_status":"closed","sticky":false,"template":"","format":"standard","meta":{"_jetpack_memberships_contains_paid_content":false,"footnotes":"","jetpack_publicize_message":"","jetpack_publicize_feature_enabled":true,"jetpack_social_post_already_shared":true,"jetpack_social_options":{"image_generator_settings":{"template":"highway","default_image_id":0,"font":"","enabled":false},"version":2}},"categories":[2],"tags":[],"class_list":["post-4617","post","type-post","status-publish","format-standard","has-post-thumbnail","hentry","category-gobiernoestatal"],"jetpack_publicize_connections":[],"jetpack_featured_media_url":"https:\/\/veracruzanosexcepcionahles.com\/wp-content\/uploads\/2025\/01\/WhatsApp-Image-2025-01-20-at-12.48.10-PM.jpeg","jetpack_sharing_enabled":true,"jetpack_likes_enabled":true,"jetpack_shortlink":"https:\/\/wp.me\/pe8dhK-1ct","_links":{"self":[{"href":"https:\/\/veracruzanosexcepcionahles.com\/index.php\/wp-json\/wp\/v2\/posts\/4617","targetHints":{"allow":["GET"]}}],"collection":[{"href":"https:\/\/veracruzanosexcepcionahles.com\/index.php\/wp-json\/wp\/v2\/posts"}],"about":[{"href":"https:\/\/veracruzanosexcepcionahles.com\/index.php\/wp-json\/wp\/v2\/types\/post"}],"author":[{"embeddable":true,"href":"https:\/\/veracruzanosexcepcionahles.com\/index.php\/wp-json\/wp\/v2\/users\/2"}],"replies":[{"embeddable":true,"href":"https:\/\/veracruzanosexcepcionahles.com\/index.php\/wp-json\/wp\/v2\/comments?post=4617"}],"version-history":[{"count":1,"href":"https:\/\/veracruzanosexcepcionahles.com\/index.php\/wp-json\/wp\/v2\/posts\/4617\/revisions"}],"predecessor-version":[{"id":4619,"href":"https:\/\/veracruzanosexcepcionahles.com\/index.php\/wp-json\/wp\/v2\/posts\/4617\/revisions\/4619"}],"wp:featuredmedia":[{"embeddable":true,"href":"https:\/\/veracruzanosexcepcionahles.com\/index.php\/wp-json\/wp\/v2\/media\/4618"}],"wp:attachment":[{"href":"https:\/\/veracruzanosexcepcionahles.com\/index.php\/wp-json\/wp\/v2\/media?parent=4617"}],"wp:term":[{"taxonomy":"category","embeddable":true,"href":"https:\/\/veracruzanosexcepcionahles.com\/index.php\/wp-json\/wp\/v2\/categories?post=4617"},{"taxonomy":"post_tag","embeddable":true,"href":"https:\/\/veracruzanosexcepcionahles.com\/index.php\/wp-json\/wp\/v2\/tags?post=4617"}],"curies":[{"name":"wp","href":"https:\/\/api.w.org\/{rel}","templated":true}]}}