{"id":4572,"date":"2025-01-16T16:23:52","date_gmt":"2025-01-16T22:23:52","guid":{"rendered":"https:\/\/veracruzanosexcepcionahles.com\/?p=4572"},"modified":"2025-01-16T16:23:54","modified_gmt":"2025-01-16T22:23:54","slug":"fiestas-de-la-candelaria-celebracion-de-amor-son-y-legado-en-tlacotalpan","status":"publish","type":"post","link":"https:\/\/veracruzanosexcepcionahles.com\/index.php\/2025\/01\/16\/fiestas-de-la-candelaria-celebracion-de-amor-son-y-legado-en-tlacotalpan\/","title":{"rendered":"Fiestas de La Candelaria: Celebraci\u00f3n de Amor, Son y Legado en Tlacotalpan"},"content":{"rendered":"\n<p>>Alistan operativos y actividades familiares.<\/p>\n\n\n\n<p><strong>Tlacotalpan, Ver., jueves 16 de enero de 2025.-<\/strong> Con la participaci\u00f3n de autoridades municipales y del sector privado, el Gobierno de Veracruz llev\u00f3 a cabo la reuni\u00f3n operativa de coordinaci\u00f3n log\u00edstica de las fiestas de La Candelaria, Celebraci\u00f3n de Amor, Son y Legado, del 31 de enero al 09 de febrero.<\/p>\n\n\n\n<p>Para ello, implementar\u00e1n un operativo con 200 elementos de diversas corporaciones. Tambi\u00e9n se plantearon las rutas de traslado oportuno desde Ciudad de M\u00e9xico, Tuxtepec, Veracruz y Xalapa, facilitando el acceso a las y los turistas a trav\u00e9s de Autobuses de Oriente (ADO).<\/p>\n\n\n\n<p>El objetivo ser\u00e1 asegurar que la celebraci\u00f3n en honor a la Virgen de la Candelaria sea un \u00e9xito, posicionando al estado como un destino atractivo que reciba visitantes locales, nacionales e internacionales, quienes podr\u00e1n disfrutar de m\u00fasica, cultura y devoci\u00f3n.<\/p>\n\n\n\n<p>Entre las actividades destacan presentaciones de son jarocho y danz\u00f3n, desfiles, cabalgatas, talleres culturales y exposiciones gastron\u00f3micas con los sabores m\u00e1s representativos del Papaloapan.<\/p>\n\n\n\n<p>La reuni\u00f3n log\u00edstica fue encabezada por la Secretar\u00eda de Turismo, con sus hom\u00f3logas de Cultura, Protecci\u00f3n Civil, Medio Ambiente, Salud y Seguridad P\u00fablica, as\u00ed como el alcalde de Tlacotalpan, Luis Medina Aguirre.<\/p>\n\n\n\n<p>Las fiestas de La Candelaria son reconocidas por su riqueza cultural y fervor religioso, atrayendo cada a\u00f1o a miles de visitantes a la Ciudad Patrimonio de la Humanidad, quienes participan en procesiones, misas solemnes y el tradicional paseo de la Virgen por el r\u00edo de Las Mariposas.<\/p>\n\n\n\n<p>&#8212;000&#8212;<\/p>\n","protected":false},"excerpt":{"rendered":"<p>>Alistan operativos y actividades familiares. Tlacotalpan, Ver., jueves 16 de enero de 2025.- Con la participaci\u00f3n de autoridades municipales y del sector privado, el Gobierno de Veracruz llev\u00f3 a cabo la reuni\u00f3n operativa de coordinaci\u00f3n log\u00edstica de las fiestas de La Candelaria, Celebraci\u00f3n de Amor, Son y Legado, del 31 de enero al 09 de&#8230;<\/p>\n","protected":false},"author":2,"featured_media":4573,"comment_status":"closed","ping_status":"closed","sticky":false,"template":"","format":"standard","meta":{"_jetpack_memberships_contains_paid_content":false,"footnotes":"","jetpack_publicize_message":"","jetpack_publicize_feature_enabled":true,"jetpack_social_post_already_shared":true,"jetpack_social_options":{"image_generator_settings":{"template":"highway","default_image_id":0,"font":"","enabled":false},"version":2}},"categories":[2],"tags":[],"class_list":["post-4572","post","type-post","status-publish","format-standard","has-post-thumbnail","hentry","category-gobiernoestatal"],"jetpack_publicize_connections":[],"jetpack_featured_media_url":"https:\/\/veracruzanosexcepcionahles.com\/wp-content\/uploads\/2025\/01\/WhatsApp-Image-2025-01-16-at-9.11.24-AM.jpeg","jetpack_sharing_enabled":true,"jetpack_likes_enabled":true,"jetpack_shortlink":"https:\/\/wp.me\/pe8dhK-1bK","_links":{"self":[{"href":"https:\/\/veracruzanosexcepcionahles.com\/index.php\/wp-json\/wp\/v2\/posts\/4572","targetHints":{"allow":["GET"]}}],"collection":[{"href":"https:\/\/veracruzanosexcepcionahles.com\/index.php\/wp-json\/wp\/v2\/posts"}],"about":[{"href":"https:\/\/veracruzanosexcepcionahles.com\/index.php\/wp-json\/wp\/v2\/types\/post"}],"author":[{"embeddable":true,"href":"https:\/\/veracruzanosexcepcionahles.com\/index.php\/wp-json\/wp\/v2\/users\/2"}],"replies":[{"embeddable":true,"href":"https:\/\/veracruzanosexcepcionahles.com\/index.php\/wp-json\/wp\/v2\/comments?post=4572"}],"version-history":[{"count":1,"href":"https:\/\/veracruzanosexcepcionahles.com\/index.php\/wp-json\/wp\/v2\/posts\/4572\/revisions"}],"predecessor-version":[{"id":4574,"href":"https:\/\/veracruzanosexcepcionahles.com\/index.php\/wp-json\/wp\/v2\/posts\/4572\/revisions\/4574"}],"wp:featuredmedia":[{"embeddable":true,"href":"https:\/\/veracruzanosexcepcionahles.com\/index.php\/wp-json\/wp\/v2\/media\/4573"}],"wp:attachment":[{"href":"https:\/\/veracruzanosexcepcionahles.com\/index.php\/wp-json\/wp\/v2\/media?parent=4572"}],"wp:term":[{"taxonomy":"category","embeddable":true,"href":"https:\/\/veracruzanosexcepcionahles.com\/index.php\/wp-json\/wp\/v2\/categories?post=4572"},{"taxonomy":"post_tag","embeddable":true,"href":"https:\/\/veracruzanosexcepcionahles.com\/index.php\/wp-json\/wp\/v2\/tags?post=4572"}],"curies":[{"name":"wp","href":"https:\/\/api.w.org\/{rel}","templated":true}]}}