{"id":4569,"date":"2025-01-16T16:20:29","date_gmt":"2025-01-16T22:20:29","guid":{"rendered":"https:\/\/veracruzanosexcepcionahles.com\/?p=4569"},"modified":"2025-01-16T16:20:31","modified_gmt":"2025-01-16T22:20:31","slug":"arranca-gobierno-del-estado-caravana-abrigando-corazones","status":"publish","type":"post","link":"https:\/\/veracruzanosexcepcionahles.com\/index.php\/2025\/01\/16\/arranca-gobierno-del-estado-caravana-abrigando-corazones\/","title":{"rendered":"Arranca Gobierno del Estado Caravana Abrigando Corazones"},"content":{"rendered":"\n<p>&gt;Entregan cobertores, despensas y atenci\u00f3n m\u00e9dica, en coordinaci\u00f3n con diversas dependencias estatales y federales.<\/p>\n\n\n\n<p><strong>Xalapa, Ver., jueves 16 de enero de 2025.-<\/strong> En el marco de los primeros 100 d\u00edas de la administraci\u00f3n, el Gobierno de Veracruz puso en marcha la primera Caravana Abrigando Corazones, destinada a atender a 12 comunidades de Las Vigas, en beneficio de la poblaci\u00f3n vulnerable ante las bajas temperaturas.<\/p>\n\n\n\n<p>En el banderazo de salida, desde las instalaciones de la Torre Orgullo Veracruzano, la secretaria de Protecci\u00f3n Civil (PC), Guadalupe Osorno Maldonado, en representaci\u00f3n de la gobernadora Roc\u00edo Nahle Garc\u00eda, detall\u00f3 que durante esta jornada se entregar\u00e1n comidas calientes, cobertores, productos de la canasta b\u00e1sica, servicios m\u00e9dicos gratuitos y libros.<\/p>\n\n\n\n<p>La cobertura, planeada en cinco rutas, llegar\u00e1 a las localidades de Arenal, Casa Blanca, Cruz de Rama, El Aguaje, El Manzanal, Encino Gacho, Hojas Anchas, Manzanillo, La Alcantarilla, Llanillo Redondo, Tecojotal y Tepetates, como parte de la estrategia de protecci\u00f3n, acompa\u00f1amiento y solidaridad.<\/p>\n\n\n\n<p>La titular de Desarrollo Social, Margarita Santoprieto Peralta destac\u00f3 la suma de esfuerzos de las secretar\u00edas de Salud, con unidades m\u00f3viles de atenci\u00f3n y las Camionetitas de la Salud; Seguridad P\u00fablica, con la Cocina M\u00f3vil; de Gobierno, distribuci\u00f3n de libros para la ni\u00f1ez y la adolescencia.<\/p>\n\n\n\n<p>Mientras que, la directora del Sistema Estatal para el Desarrollo Integral de la Familia, Clara Mora Ju\u00e1rez, destac\u00f3 el trabajo con PC para el acopio y entrega de ropa invernal, cobertores y despensas.<\/p>\n\n\n\n<p>Mientras tanto, la Secretar\u00eda de la Defensa Nacional aport\u00f3 insumos y apoyo log\u00edstico, destacando la ejecuci\u00f3n del Plan DN-III-E. Participaron la diputada presidenta de la mesa directiva del Congreso Local, Tanya Carola Viveros Ch\u00e1zaro y el diputado Paul Mart\u00ednez Marie.<\/p>\n\n\n\n<p>La Caravana Abrigando Corazones se movilizar\u00e1 durante enero y febrero con la participaci\u00f3n de los ayuntamientos de Perote y Las Vigas.<\/p>\n\n\n\n<p>&#8212;000&#8212;<\/p>\n","protected":false},"excerpt":{"rendered":"<p>&gt;Entregan cobertores, despensas y atenci\u00f3n m\u00e9dica, en coordinaci\u00f3n con diversas dependencias estatales y federales. Xalapa, Ver., jueves 16 de enero de 2025.- En el marco de los primeros 100 d\u00edas de la administraci\u00f3n, el Gobierno de Veracruz puso en marcha la primera Caravana Abrigando Corazones, destinada a atender a 12 comunidades de Las Vigas, en&#8230;<\/p>\n","protected":false},"author":2,"featured_media":4570,"comment_status":"closed","ping_status":"closed","sticky":false,"template":"","format":"standard","meta":{"_jetpack_memberships_contains_paid_content":false,"footnotes":"","jetpack_publicize_message":"","jetpack_publicize_feature_enabled":true,"jetpack_social_post_already_shared":true,"jetpack_social_options":{"image_generator_settings":{"template":"highway","default_image_id":0,"font":"","enabled":false},"version":2}},"categories":[2],"tags":[],"class_list":["post-4569","post","type-post","status-publish","format-standard","has-post-thumbnail","hentry","category-gobiernoestatal"],"jetpack_publicize_connections":[],"jetpack_featured_media_url":"https:\/\/veracruzanosexcepcionahles.com\/wp-content\/uploads\/2025\/01\/WhatsApp-Image-2025-01-16-at-12.56.55-PM.jpeg","jetpack_sharing_enabled":true,"jetpack_likes_enabled":true,"jetpack_shortlink":"https:\/\/wp.me\/pe8dhK-1bH","_links":{"self":[{"href":"https:\/\/veracruzanosexcepcionahles.com\/index.php\/wp-json\/wp\/v2\/posts\/4569","targetHints":{"allow":["GET"]}}],"collection":[{"href":"https:\/\/veracruzanosexcepcionahles.com\/index.php\/wp-json\/wp\/v2\/posts"}],"about":[{"href":"https:\/\/veracruzanosexcepcionahles.com\/index.php\/wp-json\/wp\/v2\/types\/post"}],"author":[{"embeddable":true,"href":"https:\/\/veracruzanosexcepcionahles.com\/index.php\/wp-json\/wp\/v2\/users\/2"}],"replies":[{"embeddable":true,"href":"https:\/\/veracruzanosexcepcionahles.com\/index.php\/wp-json\/wp\/v2\/comments?post=4569"}],"version-history":[{"count":1,"href":"https:\/\/veracruzanosexcepcionahles.com\/index.php\/wp-json\/wp\/v2\/posts\/4569\/revisions"}],"predecessor-version":[{"id":4571,"href":"https:\/\/veracruzanosexcepcionahles.com\/index.php\/wp-json\/wp\/v2\/posts\/4569\/revisions\/4571"}],"wp:featuredmedia":[{"embeddable":true,"href":"https:\/\/veracruzanosexcepcionahles.com\/index.php\/wp-json\/wp\/v2\/media\/4570"}],"wp:attachment":[{"href":"https:\/\/veracruzanosexcepcionahles.com\/index.php\/wp-json\/wp\/v2\/media?parent=4569"}],"wp:term":[{"taxonomy":"category","embeddable":true,"href":"https:\/\/veracruzanosexcepcionahles.com\/index.php\/wp-json\/wp\/v2\/categories?post=4569"},{"taxonomy":"post_tag","embeddable":true,"href":"https:\/\/veracruzanosexcepcionahles.com\/index.php\/wp-json\/wp\/v2\/tags?post=4569"}],"curies":[{"name":"wp","href":"https:\/\/api.w.org\/{rel}","templated":true}]}}