{"id":4550,"date":"2025-01-15T17:36:06","date_gmt":"2025-01-15T23:36:06","guid":{"rendered":"https:\/\/veracruzanosexcepcionahles.com\/?p=4550"},"modified":"2025-01-15T17:36:08","modified_gmt":"2025-01-15T23:36:08","slug":"campana-de-desarme-en-veracruz-fortalece-la-seguridad-ciudadana-gobernadora-rocio-nahle","status":"publish","type":"post","link":"https:\/\/veracruzanosexcepcionahles.com\/index.php\/2025\/01\/15\/campana-de-desarme-en-veracruz-fortalece-la-seguridad-ciudadana-gobernadora-rocio-nahle\/","title":{"rendered":"Campa\u00f1a de desarme en Veracruz fortalece la seguridad ciudadana: gobernadora Roc\u00edo Nahle"},"content":{"rendered":"\n<p>>SSP refuerza los ex\u00e1menes de control y confianza, as\u00ed como la rotaci\u00f3n de elementos.<\/p>\n\n\n\n<p><strong>Boca del R\u00edo, Ver., mi\u00e9rcoles 15 de enero de 2025.-<\/strong> El Gobierno de Veracruz, en coordinaci\u00f3n con la Federaci\u00f3n, llevar\u00e1n a cabo la campa\u00f1a S\u00ed al Desarme, S\u00ed a la Paz, que dio inicio en el pa\u00eds el pasado 10 de enero, para el canje de armas por un electrodom\u00e9stico.<\/p>\n\n\n\n<p>La gobernadora Roc\u00edo Nahle Garc\u00eda encabez\u00f3 la Mesa de Seguirdad en Boca del R\u00edo e invit\u00f3 a las y los veracruzanos a sumarse de forma voluntaria, del 20 enero al 16 marzo en diferentes ciudades, con la finalidad de prevenir delitos cometidos con armas de fuego y explosivos, y disminuir accidentes.<\/p>\n\n\n\n<p>Los m\u00f3dulos ser\u00e1n establecidos en C\u00f3rdoba, del 20 de enero a 02 de febrero; Poza Rica del 10 al 23 de febrero, y en Cotazacoalcos del 03 a 16 de marzo.<\/p>\n\n\n\n<p>Tambi\u00e9n agradeci\u00f3 el apoyo de las Secretar\u00edas de la Defensa, Marina y Seguridad P\u00fablica, as\u00ed como de la Guardia Nacional, quienes han coadyuvado de manera significativa en la reducci\u00f3n del robo de combustibles.<\/p>\n\n\n\n<p>La mandataria agreg\u00f3 que el trabajo coordinado entre los tres \u00f3rdenes de gobierno en las mesas de seguridad ha sido determinante para dar seguimiento a los temas prioritarios y garantizar la paz y tranquilidad de las y los veracruzanos.<\/p>\n\n\n\n<p>\u201cParticularmente estoy muy contenta con el secretario de Seguridad P\u00fablica, Alfonso Reyes Garc\u00e9s, un hombre con especialidad en operaciones t\u00e1cticas y estrat\u00e9gicas, muy comprometido\u201d.<\/p>\n\n\n\n<p>Entre las acciones para contar con elementos de excelencia, la dependencia estatal realiza ex\u00e1menes de control y confianza a los elementos, as\u00ed como la rotaci\u00f3n del personal.<\/p>\n\n\n\n<p>&#8212;000&#8212;<\/p>\n","protected":false},"excerpt":{"rendered":"<p>>SSP refuerza los ex\u00e1menes de control y confianza, as\u00ed como la rotaci\u00f3n de elementos. Boca del R\u00edo, Ver., mi\u00e9rcoles 15 de enero de 2025.- El Gobierno de Veracruz, en coordinaci\u00f3n con la Federaci\u00f3n, llevar\u00e1n a cabo la campa\u00f1a S\u00ed al Desarme, S\u00ed a la Paz, que dio inicio en el pa\u00eds el pasado 10 de&#8230;<\/p>\n","protected":false},"author":2,"featured_media":4551,"comment_status":"closed","ping_status":"closed","sticky":false,"template":"","format":"standard","meta":{"_jetpack_memberships_contains_paid_content":false,"footnotes":"","jetpack_publicize_message":"","jetpack_publicize_feature_enabled":true,"jetpack_social_post_already_shared":true,"jetpack_social_options":{"image_generator_settings":{"template":"highway","default_image_id":0,"font":"","enabled":false},"version":2}},"categories":[23],"tags":[],"class_list":["post-4550","post","type-post","status-publish","format-standard","has-post-thumbnail","hentry","category-actividadesnahle"],"jetpack_publicize_connections":[],"jetpack_featured_media_url":"https:\/\/veracruzanosexcepcionahles.com\/wp-content\/uploads\/2025\/01\/WhatsApp-Image-2025-01-15-at-2.08.59-PM.jpeg","jetpack_sharing_enabled":true,"jetpack_likes_enabled":true,"jetpack_shortlink":"https:\/\/wp.me\/pe8dhK-1bo","_links":{"self":[{"href":"https:\/\/veracruzanosexcepcionahles.com\/index.php\/wp-json\/wp\/v2\/posts\/4550","targetHints":{"allow":["GET"]}}],"collection":[{"href":"https:\/\/veracruzanosexcepcionahles.com\/index.php\/wp-json\/wp\/v2\/posts"}],"about":[{"href":"https:\/\/veracruzanosexcepcionahles.com\/index.php\/wp-json\/wp\/v2\/types\/post"}],"author":[{"embeddable":true,"href":"https:\/\/veracruzanosexcepcionahles.com\/index.php\/wp-json\/wp\/v2\/users\/2"}],"replies":[{"embeddable":true,"href":"https:\/\/veracruzanosexcepcionahles.com\/index.php\/wp-json\/wp\/v2\/comments?post=4550"}],"version-history":[{"count":1,"href":"https:\/\/veracruzanosexcepcionahles.com\/index.php\/wp-json\/wp\/v2\/posts\/4550\/revisions"}],"predecessor-version":[{"id":4552,"href":"https:\/\/veracruzanosexcepcionahles.com\/index.php\/wp-json\/wp\/v2\/posts\/4550\/revisions\/4552"}],"wp:featuredmedia":[{"embeddable":true,"href":"https:\/\/veracruzanosexcepcionahles.com\/index.php\/wp-json\/wp\/v2\/media\/4551"}],"wp:attachment":[{"href":"https:\/\/veracruzanosexcepcionahles.com\/index.php\/wp-json\/wp\/v2\/media?parent=4550"}],"wp:term":[{"taxonomy":"category","embeddable":true,"href":"https:\/\/veracruzanosexcepcionahles.com\/index.php\/wp-json\/wp\/v2\/categories?post=4550"},{"taxonomy":"post_tag","embeddable":true,"href":"https:\/\/veracruzanosexcepcionahles.com\/index.php\/wp-json\/wp\/v2\/tags?post=4550"}],"curies":[{"name":"wp","href":"https:\/\/api.w.org\/{rel}","templated":true}]}}