{"id":4433,"date":"2025-01-10T17:13:50","date_gmt":"2025-01-10T23:13:50","guid":{"rendered":"https:\/\/veracruzanosexcepcionahles.com\/?p=4433"},"modified":"2025-01-10T17:13:51","modified_gmt":"2025-01-10T23:13:51","slug":"eco-navidad-buscara-recolectar-mas-de-12-mil-arboles","status":"publish","type":"post","link":"https:\/\/veracruzanosexcepcionahles.com\/index.php\/2025\/01\/10\/eco-navidad-buscara-recolectar-mas-de-12-mil-arboles\/","title":{"rendered":"Eco Navidad buscar\u00e1 recolectar m\u00e1s de 12 mil \u00e1rboles"},"content":{"rendered":"\n<p><\/p>\n\n\n\n<p>&gt;Para su reciclaje en composta, artesan\u00edas y mobiliario urbano.<\/p>\n\n\n\n<p><strong>Xalapa, Ver., viernes 10 de enero de 2025.-<\/strong> Desde Naturalia Santuario de Vida Silvestre, la Secretar\u00eda de Medio Ambiente (Sedema) puso en marcha, de manera simult\u00e1nea en 86 municipios, la campa\u00f1a Eco Navidad con el objetivo de recolectar m\u00e1s de 12 mil \u00e1rboles.<\/p>\n\n\n\n<p>Esta estrategia, que concluir\u00e1 el martes 28 de enero, promueve el reciclaje responsable al producir composta y abono org\u00e1nico. \u201cNo se trata solo de reciclar pinos, sino de darles una segunda vida, ayudando al medio ambiente\u201d, destac\u00f3 la titular de la dependencia, Mariela Zaleta Mendoza.<\/p>\n\n\n\n<p>Asimismo, hizo un llamado a la sociedad, representantes populares, municipios y servidores p\u00fablicos a sumarse y garantizar un mejor futuro para las pr\u00f3ximas generaciones. &#8220;Sigamos trabajando por amor a Veracruz, construyendo juntos un estado m\u00e1s limpio, verde y sostenible.&#8221;<\/p>\n\n\n\n<p>Durante el evento, el promotor ambiental Fidel Salvador, de 12 a\u00f1os, ofreci\u00f3 un mensaje inspirador al destacar que lo recolectado ser\u00e1 transformado tambi\u00e9n en artesan\u00edas, bancas, jardineras y otros productos.<\/p>\n\n\n\n<p>&#8220;Este a\u00f1o pongamos a Veracruz de moda participando en Eco Navidad. Hagamos algo positivo despu\u00e9s de las festividades y demostremos que juntos podemos lograr grandes cambios. Por amor a Veracruz, no abandones tu arbolito, rec\u00edclalo\u201d, agreg\u00f3.<\/p>\n\n\n\n<p>En el arranque de la campa\u00f1a estuvieron presentes las diputadas presidentas de la Mesa Directiva del Congreso, Tanya Carola Viveros Ch\u00e1zaro, y de la Comisi\u00f3n de Medio Ambiente, Recursos Naturales y Cambio Clim\u00e1tico, Imelda Garrido Alvarado; el jefe del Departamento de Manejo Forestal Comunitario de Conafor, Jos\u00e9 Luis Ju\u00e1rez Delgado, y la directora de Medio Ambiente de Xalapa, Ana Isabel Guevara Escobar.<\/p>\n","protected":false},"excerpt":{"rendered":"<p>&gt;Para su reciclaje en composta, artesan\u00edas y mobiliario urbano. Xalapa, Ver., viernes 10 de enero de 2025.- Desde Naturalia Santuario de Vida Silvestre, la Secretar\u00eda de Medio Ambiente (Sedema) puso en marcha, de manera simult\u00e1nea en 86 municipios, la campa\u00f1a Eco Navidad con el objetivo de recolectar m\u00e1s de 12 mil \u00e1rboles. Esta estrategia, que&#8230;<\/p>\n","protected":false},"author":2,"featured_media":4434,"comment_status":"closed","ping_status":"closed","sticky":false,"template":"","format":"standard","meta":{"_jetpack_memberships_contains_paid_content":false,"footnotes":"","jetpack_publicize_message":"","jetpack_publicize_feature_enabled":true,"jetpack_social_post_already_shared":true,"jetpack_social_options":{"image_generator_settings":{"template":"highway","default_image_id":0,"font":"","enabled":false},"version":2}},"categories":[2],"tags":[],"class_list":["post-4433","post","type-post","status-publish","format-standard","has-post-thumbnail","hentry","category-gobiernoestatal"],"jetpack_publicize_connections":[],"jetpack_featured_media_url":"https:\/\/veracruzanosexcepcionahles.com\/wp-content\/uploads\/2025\/01\/WhatsApp-Image-2025-01-10-at-12.11.30-PM.jpeg","jetpack_sharing_enabled":true,"jetpack_likes_enabled":true,"jetpack_shortlink":"https:\/\/wp.me\/pe8dhK-19v","_links":{"self":[{"href":"https:\/\/veracruzanosexcepcionahles.com\/index.php\/wp-json\/wp\/v2\/posts\/4433","targetHints":{"allow":["GET"]}}],"collection":[{"href":"https:\/\/veracruzanosexcepcionahles.com\/index.php\/wp-json\/wp\/v2\/posts"}],"about":[{"href":"https:\/\/veracruzanosexcepcionahles.com\/index.php\/wp-json\/wp\/v2\/types\/post"}],"author":[{"embeddable":true,"href":"https:\/\/veracruzanosexcepcionahles.com\/index.php\/wp-json\/wp\/v2\/users\/2"}],"replies":[{"embeddable":true,"href":"https:\/\/veracruzanosexcepcionahles.com\/index.php\/wp-json\/wp\/v2\/comments?post=4433"}],"version-history":[{"count":1,"href":"https:\/\/veracruzanosexcepcionahles.com\/index.php\/wp-json\/wp\/v2\/posts\/4433\/revisions"}],"predecessor-version":[{"id":4435,"href":"https:\/\/veracruzanosexcepcionahles.com\/index.php\/wp-json\/wp\/v2\/posts\/4433\/revisions\/4435"}],"wp:featuredmedia":[{"embeddable":true,"href":"https:\/\/veracruzanosexcepcionahles.com\/index.php\/wp-json\/wp\/v2\/media\/4434"}],"wp:attachment":[{"href":"https:\/\/veracruzanosexcepcionahles.com\/index.php\/wp-json\/wp\/v2\/media?parent=4433"}],"wp:term":[{"taxonomy":"category","embeddable":true,"href":"https:\/\/veracruzanosexcepcionahles.com\/index.php\/wp-json\/wp\/v2\/categories?post=4433"},{"taxonomy":"post_tag","embeddable":true,"href":"https:\/\/veracruzanosexcepcionahles.com\/index.php\/wp-json\/wp\/v2\/tags?post=4433"}],"curies":[{"name":"wp","href":"https:\/\/api.w.org\/{rel}","templated":true}]}}